{"id":15032,"date":"2019-09-11T06:56:58","date_gmt":"2019-09-11T06:56:58","guid":{"rendered":"http:\/\/www.clg-la-grange-du-bois-savigny-le-temple.fr\/?p=15032"},"modified":"2025-07-03T13:39:40","modified_gmt":"2025-07-03T11:39:40","slug":"reprise-des-repetitions-de-la-chorale-du-college","status":"publish","type":"post","link":"https:\/\/www.clg-la-grange-du-bois-savigny-le-temple.fr\/?p=15032","title":{"rendered":"Reprise des r\u00e9p\u00e9titions de la chorale du coll\u00e8ge"},"content":{"rendered":"<p><span style=\"font-family: Carlito, sans-serif;\"><span style=\"font-size: medium;\">La chorale du colle\u0300ge reprend ses activite\u0301s a\u0300 partir du mardi 17 septembre 2019. <\/span><\/span><\/p>\n<p><span style=\"font-family: Carlito, sans-serif;\"><span style=\"font-size: medium;\">Tous les e\u0301le\u0300ves souhaitant y participer sont invite\u0301s a\u0300 prendre part a\u0300 deux se\u0301ances d&#8217;essai qui auront lieu les <strong>mardis 17 et 24 septembre et les vendredis 20 et 27 septembre<\/strong>, de 13h \u00e0 13h55 pour le mardi ou de 12h \u00e0 12h55 pour le vendredi. Les \u00e9l\u00e8ves choisiront le cr\u00e9neau selon leurs disponibilit\u00e9s.<br \/>\nS&#8217;ils souhaitent continuer, a\u0300 l&#8217;issue de ces deux se\u0301ances, ils pourront s&#8217;inscrire pour l&#8217;anne\u0301e scolaire.<br \/>\nLes \u00e9l\u00e8ves externes pourront acheter un ticket pour manger \u00e0 la restauration scolaire au prix de 4,09\u20ac payable en esp\u00e8ces ou par ch\u00e8que bancaire \u00e0 l&#8217;ordre de &#8220;l&#8217;agent comptable du coll\u00e8ge la grange du bois&#8221;.<\/span><\/span><\/p>\n<p><span style=\"font-family: Carlito, sans-serif;\"><span style=\"font-size: medium;\"><br \/>\nC&#8217;est une activite\u0301 gratuite qui demande un investissement hebdomadaire pour pre\u0301parer au mieux un spectacle qui sera donne\u0301 en fin d&#8217;anne\u0301e au colle\u0300ge avec la pr\u00e9sence de plusieurs musiciens professionnels.\u00a0<\/span><\/span><\/p>\n<p><span style=\"font-family: Carlito, sans-serif;\"><span style=\"font-size: medium;\"> Je reste disponible par le biais du carnet de correspondance dans un premier temps puis de l\u2019ENT quand les comptes &#8220;parents&#8221; seront activ\u00e9s.<\/span><\/span><\/p>\n<p>&nbsp;<\/p>\n<p align=\"right\"><span style=\"font-family: Carlito, sans-serif;\"><span style=\"font-size: medium;\">Jonathan Chevalier<\/span><\/span><\/p>\n<p align=\"right\"><span style=\"font-family: Carlito, sans-serif;\"><span style=\"font-size: small;\">Professeur d&#8217;e\u0301ducation musicale et chant choral <\/span><\/span><\/p>\n","protected":false},"excerpt":{"rendered":"<p>La chorale du colle\u0300ge reprend ses activite\u0301s a\u0300 partir du mardi 17 septembre 2019. Tous les e\u0301le\u0300ves souhaitant y participer sont invite\u0301s a\u0300 prendre part [&#8230;]<\/p>\n","protected":false},"author":355,"featured_media":0,"comment_status":"closed","ping_status":"closed","sticky":false,"template":"","format":"standard","meta":{"footnotes":""},"categories":[5,84,76],"tags":[53,57,50],"_links":{"self":[{"href":"https:\/\/www.clg-la-grange-du-bois-savigny-le-temple.fr\/index.php?rest_route=\/wp\/v2\/posts\/15032"}],"collection":[{"href":"https:\/\/www.clg-la-grange-du-bois-savigny-le-temple.fr\/index.php?rest_route=\/wp\/v2\/posts"}],"about":[{"href":"https:\/\/www.clg-la-grange-du-bois-savigny-le-temple.fr\/index.php?rest_route=\/wp\/v2\/types\/post"}],"author":[{"embeddable":true,"href":"https:\/\/www.clg-la-grange-du-bois-savigny-le-temple.fr\/index.php?rest_route=\/wp\/v2\/users\/355"}],"replies":[{"embeddable":true,"href":"https:\/\/www.clg-la-grange-du-bois-savigny-le-temple.fr\/index.php?rest_route=%2Fwp%2Fv2%2Fcomments&post=15032"}],"version-history":[{"count":2,"href":"https:\/\/www.clg-la-grange-du-bois-savigny-le-temple.fr\/index.php?rest_route=\/wp\/v2\/posts\/15032\/revisions"}],"predecessor-version":[{"id":15051,"href":"https:\/\/www.clg-la-grange-du-bois-savigny-le-temple.fr\/index.php?rest_route=\/wp\/v2\/posts\/15032\/revisions\/15051"}],"wp:attachment":[{"href":"https:\/\/www.clg-la-grange-du-bois-savigny-le-temple.fr\/index.php?rest_route=%2Fwp%2Fv2%2Fmedia&parent=15032"}],"wp:term":[{"taxonomy":"category","embeddable":true,"href":"https:\/\/www.clg-la-grange-du-bois-savigny-le-temple.fr\/index.php?rest_route=%2Fwp%2Fv2%2Fcategories&post=15032"},{"taxonomy":"post_tag","embeddable":true,"href":"https:\/\/www.clg-la-grange-du-bois-savigny-le-temple.fr\/index.php?rest_route=%2Fwp%2Fv2%2Ftags&post=15032"}],"curies":[{"name":"wp","href":"https:\/\/api.w.org\/{rel}","templated":true}]}}