{"id":16427,"date":"2019-12-20T11:31:50","date_gmt":"2019-12-20T11:31:50","guid":{"rendered":"http:\/\/www.clg-la-grange-du-bois-savigny-le-temple.fr\/?p=16427"},"modified":"2025-07-03T13:39:20","modified_gmt":"2025-07-03T11:39:20","slug":"championnats-d-academie-de-cross-country","status":"publish","type":"post","link":"https:\/\/www.clg-la-grange-du-bois-savigny-le-temple.fr\/?p=16427","title":{"rendered":"Championnats d acad\u00e9mie de cross country"},"content":{"rendered":"<p style=\"text-align: left;\">L&#8217; \u00e9quipe Benjamins mixte du coll\u00e8ge a particip\u00e9 mercredi 18 d\u00e9cembre \u00e0 Fontainebleau aux championnats d acad\u00e9mie de cross country UNSS.<\/p>\n<p style=\"text-align: left;\">Apr\u00e8s une 24 \u00e8me place aux championnats de Seine et Marne, les \u00e9l\u00e8ves ont r\u00e9ussi la performance\u00a0 de se hisser \u00e0 la 10eme place , gr\u00e2ce surtout \u00e0 une super course des filles , Manelle Seddik, Meline Roche et Loisa Conq. Les gar\u00e7ons ont compl\u00e9t\u00e9 le classement avec KillianTaraud, Ayoub Bensiali et Quentin Ramalho.<\/p>\n<p style=\"text-align: left;\">Bravo \u00e0 tous les 6 !<\/p>\n<p style=\"text-align: left;\">Et un grand merci aux mamans de Manelle Seddik et de Loisa\u00a0 Conq qui ont accompagn\u00e9 ces 6 athl\u00e8tes en comp\u00e9tition en l&#8217;absence des professeurs EPS tous sollicit\u00e9s sur le voyage au ski des 4emes.\u00a0<a href=\"https:\/\/www.clg-la-grange-du-bois-savigny-le-temple.fr\/?attachment_id=16428\" rel=\"attachment wp-att-16428\"><img decoding=\"async\" loading=\"lazy\" class=\"aligncenter size-medium wp-image-16428\" src=\"https:\/\/www.clg-la-grange-du-bois-savigny-le-temple.fr\/wp-content\/uploads\/2019\/12\/IMG_54681-225x300.jpg\" alt=\"\" width=\"225\" height=\"300\" srcset=\"https:\/\/www.clg-la-grange-du-bois-savigny-le-temple.fr\/wp-content\/uploads\/2019\/12\/IMG_54681-225x300.jpg 225w, https:\/\/www.clg-la-grange-du-bois-savigny-le-temple.fr\/wp-content\/uploads\/2019\/12\/IMG_54681.jpg 768w\" sizes=\"(max-width: 225px) 100vw, 225px\" \/><\/a><a href=\"https:\/\/www.clg-la-grange-du-bois-savigny-le-temple.fr\/?attachment_id=16429\" rel=\"attachment wp-att-16429\"><img decoding=\"async\" loading=\"lazy\" class=\"aligncenter size-medium wp-image-16429\" src=\"https:\/\/www.clg-la-grange-du-bois-savigny-le-temple.fr\/wp-content\/uploads\/2019\/12\/IMG_54661-225x300.jpg\" alt=\"\" width=\"225\" height=\"300\" srcset=\"https:\/\/www.clg-la-grange-du-bois-savigny-le-temple.fr\/wp-content\/uploads\/2019\/12\/IMG_54661-225x300.jpg 225w, https:\/\/www.clg-la-grange-du-bois-savigny-le-temple.fr\/wp-content\/uploads\/2019\/12\/IMG_54661.jpg 768w\" sizes=\"(max-width: 225px) 100vw, 225px\" \/><\/a><a href=\"https:\/\/www.clg-la-grange-du-bois-savigny-le-temple.fr\/?attachment_id=16430\" rel=\"attachment wp-att-16430\"><img decoding=\"async\" loading=\"lazy\" class=\"aligncenter size-medium wp-image-16430\" src=\"https:\/\/www.clg-la-grange-du-bois-savigny-le-temple.fr\/wp-content\/uploads\/2019\/12\/Resized_Screenshot_20191219-125503_Drive_3620-169x300.jpeg\" alt=\"\" width=\"169\" height=\"300\" srcset=\"https:\/\/www.clg-la-grange-du-bois-savigny-le-temple.fr\/wp-content\/uploads\/2019\/12\/Resized_Screenshot_20191219-125503_Drive_3620-169x300.jpeg 169w, https:\/\/www.clg-la-grange-du-bois-savigny-le-temple.fr\/wp-content\/uploads\/2019\/12\/Resized_Screenshot_20191219-125503_Drive_3620-768x1365.jpeg 768w, https:\/\/www.clg-la-grange-du-bois-savigny-le-temple.fr\/wp-content\/uploads\/2019\/12\/Resized_Screenshot_20191219-125503_Drive_3620-576x1024.jpeg 576w, https:\/\/www.clg-la-grange-du-bois-savigny-le-temple.fr\/wp-content\/uploads\/2019\/12\/Resized_Screenshot_20191219-125503_Drive_3620.jpeg 1080w\" sizes=\"(max-width: 169px) 100vw, 169px\" \/><\/a><\/p>\n<p style=\"text-align: left;\">\n","protected":false},"excerpt":{"rendered":"<p>L&#8217; \u00e9quipe Benjamins mixte du coll\u00e8ge a particip\u00e9 mercredi 18 d\u00e9cembre \u00e0 Fontainebleau aux championnats d acad\u00e9mie de cross country UNSS. Apr\u00e8s une 24 \u00e8me [&#8230;]<\/p>\n","protected":false},"author":17,"featured_media":0,"comment_status":"closed","ping_status":"closed","sticky":false,"template":"","format":"standard","meta":{"footnotes":""},"categories":[5,49,12,38,22],"tags":[],"_links":{"self":[{"href":"https:\/\/www.clg-la-grange-du-bois-savigny-le-temple.fr\/index.php?rest_route=\/wp\/v2\/posts\/16427"}],"collection":[{"href":"https:\/\/www.clg-la-grange-du-bois-savigny-le-temple.fr\/index.php?rest_route=\/wp\/v2\/posts"}],"about":[{"href":"https:\/\/www.clg-la-grange-du-bois-savigny-le-temple.fr\/index.php?rest_route=\/wp\/v2\/types\/post"}],"author":[{"embeddable":true,"href":"https:\/\/www.clg-la-grange-du-bois-savigny-le-temple.fr\/index.php?rest_route=\/wp\/v2\/users\/17"}],"replies":[{"embeddable":true,"href":"https:\/\/www.clg-la-grange-du-bois-savigny-le-temple.fr\/index.php?rest_route=%2Fwp%2Fv2%2Fcomments&post=16427"}],"version-history":[{"count":2,"href":"https:\/\/www.clg-la-grange-du-bois-savigny-le-temple.fr\/index.php?rest_route=\/wp\/v2\/posts\/16427\/revisions"}],"predecessor-version":[{"id":16444,"href":"https:\/\/www.clg-la-grange-du-bois-savigny-le-temple.fr\/index.php?rest_route=\/wp\/v2\/posts\/16427\/revisions\/16444"}],"wp:attachment":[{"href":"https:\/\/www.clg-la-grange-du-bois-savigny-le-temple.fr\/index.php?rest_route=%2Fwp%2Fv2%2Fmedia&parent=16427"}],"wp:term":[{"taxonomy":"category","embeddable":true,"href":"https:\/\/www.clg-la-grange-du-bois-savigny-le-temple.fr\/index.php?rest_route=%2Fwp%2Fv2%2Fcategories&post=16427"},{"taxonomy":"post_tag","embeddable":true,"href":"https:\/\/www.clg-la-grange-du-bois-savigny-le-temple.fr\/index.php?rest_route=%2Fwp%2Fv2%2Ftags&post=16427"}],"curies":[{"name":"wp","href":"https:\/\/api.w.org\/{rel}","templated":true}]}}