{"id":16673,"date":"2020-01-15T10:01:11","date_gmt":"2020-01-15T10:01:11","guid":{"rendered":"http:\/\/www.clg-la-grange-du-bois-savigny-le-temple.fr\/?p=16673"},"modified":"2025-07-03T13:39:20","modified_gmt":"2025-07-03T11:39:20","slug":"reunion-orientation","status":"publish","type":"post","link":"https:\/\/www.clg-la-grange-du-bois-savigny-le-temple.fr\/?p=16673","title":{"rendered":"REUNION ORIENTATION"},"content":{"rendered":"<p style=\"text-align: left;\"><strong>\u00c0 l\u2019intention de Mesdames et Messieurs les parents d\u2019\u00e9l\u00e8ves des classes de 3\u00e8me,<\/strong><\/p>\n<p style=\"text-align: center;\"><strong>R\u00c9UNION SUR L\u2019ORIENTATION AU R\u00c9FECTOIRE<\/strong><\/p>\n<p style=\"text-align: center;\"><strong>\u00a0JEUDI 23 JANVIER 2020<\/strong><\/p>\n<p style=\"text-align: center;\"><strong>A 18H30 AU COLL\u00c8GE<\/strong><\/p>\n<p style=\"text-align: left;\"><strong>La direction <\/strong><\/p>\n<p><strong><em>\u00a0<\/em><\/strong><\/p>\n","protected":false},"excerpt":{"rendered":"<p>\u00c0 l\u2019intention de Mesdames et Messieurs les parents d\u2019\u00e9l\u00e8ves des classes de 3\u00e8me, R\u00c9UNION SUR L\u2019ORIENTATION AU R\u00c9FECTOIRE \u00a0JEUDI 23 JANVIER 2020 A 18H30 AU [&#8230;]<\/p>\n","protected":false},"author":21,"featured_media":0,"comment_status":"closed","ping_status":"closed","sticky":false,"template":"","format":"standard","meta":{"footnotes":""},"categories":[1],"tags":[],"_links":{"self":[{"href":"https:\/\/www.clg-la-grange-du-bois-savigny-le-temple.fr\/index.php?rest_route=\/wp\/v2\/posts\/16673"}],"collection":[{"href":"https:\/\/www.clg-la-grange-du-bois-savigny-le-temple.fr\/index.php?rest_route=\/wp\/v2\/posts"}],"about":[{"href":"https:\/\/www.clg-la-grange-du-bois-savigny-le-temple.fr\/index.php?rest_route=\/wp\/v2\/types\/post"}],"author":[{"embeddable":true,"href":"https:\/\/www.clg-la-grange-du-bois-savigny-le-temple.fr\/index.php?rest_route=\/wp\/v2\/users\/21"}],"replies":[{"embeddable":true,"href":"https:\/\/www.clg-la-grange-du-bois-savigny-le-temple.fr\/index.php?rest_route=%2Fwp%2Fv2%2Fcomments&post=16673"}],"version-history":[{"count":2,"href":"https:\/\/www.clg-la-grange-du-bois-savigny-le-temple.fr\/index.php?rest_route=\/wp\/v2\/posts\/16673\/revisions"}],"predecessor-version":[{"id":16675,"href":"https:\/\/www.clg-la-grange-du-bois-savigny-le-temple.fr\/index.php?rest_route=\/wp\/v2\/posts\/16673\/revisions\/16675"}],"wp:attachment":[{"href":"https:\/\/www.clg-la-grange-du-bois-savigny-le-temple.fr\/index.php?rest_route=%2Fwp%2Fv2%2Fmedia&parent=16673"}],"wp:term":[{"taxonomy":"category","embeddable":true,"href":"https:\/\/www.clg-la-grange-du-bois-savigny-le-temple.fr\/index.php?rest_route=%2Fwp%2Fv2%2Fcategories&post=16673"},{"taxonomy":"post_tag","embeddable":true,"href":"https:\/\/www.clg-la-grange-du-bois-savigny-le-temple.fr\/index.php?rest_route=%2Fwp%2Fv2%2Ftags&post=16673"}],"curies":[{"name":"wp","href":"https:\/\/api.w.org\/{rel}","templated":true}]}}