{"id":16778,"date":"2020-01-29T10:38:22","date_gmt":"2020-01-29T10:38:22","guid":{"rendered":"http:\/\/www.clg-la-grange-du-bois-savigny-le-temple.fr\/?p=16778"},"modified":"2025-07-03T13:39:20","modified_gmt":"2025-07-03T11:39:20","slug":"orientation-post-3eme","status":"publish","type":"post","link":"https:\/\/www.clg-la-grange-du-bois-savigny-le-temple.fr\/?p=16778","title":{"rendered":"ORIENTATION POST 3EME"},"content":{"rendered":"<p>La r\u00e9union d&#8217;information sur l&#8217;orientation a eu lieu au coll\u00e8ge le jeudi 23 janvier 2020.<\/p>\n<p>Les documents suivants ont \u00e9t\u00e9 utilis\u00e9s lors de cette rencontre afin d&#8217;assurer la mat\u00e9rialisation de la proc\u00e9dure d&#8217;orientation.<\/p>\n<p>Les codes ATEN ont \u00e9t\u00e9 distribu\u00e9s aux personnes pr\u00e9sentes et seront envoy\u00e9s par courrier aux autres.<\/p>\n<p>L&#8217;ouverture de la proc\u00e9dure commencera le 17 f\u00e9vrier 2020.<\/p>\n<p><a href=\"https:\/\/drive.google.com\/open?id=1_jYwq6vUa2v_y_7ohBDyXbe9LVcSkSUr\">lien vers le document de pr\u00e9sentation<\/a><\/p>\n<p><a href=\"https:\/\/drive.google.com\/open?id=14C0fBh8LWGl0aewgYEZ2obubkGIdAY9W\">lien vers les journ\u00e9es portes ouvertes des \u00e9tablissements<\/a><\/p>\n<p>&nbsp;<\/p>\n<p>La direction<\/p>\n","protected":false},"excerpt":{"rendered":"<p>La r\u00e9union d&#8217;information sur l&#8217;orientation a eu lieu au coll\u00e8ge le jeudi 23 janvier 2020. Les documents suivants ont \u00e9t\u00e9 utilis\u00e9s lors de cette rencontre [&#8230;]<\/p>\n","protected":false},"author":21,"featured_media":0,"comment_status":"closed","ping_status":"closed","sticky":false,"template":"","format":"standard","meta":{"footnotes":""},"categories":[19,60],"tags":[],"_links":{"self":[{"href":"https:\/\/www.clg-la-grange-du-bois-savigny-le-temple.fr\/index.php?rest_route=\/wp\/v2\/posts\/16778"}],"collection":[{"href":"https:\/\/www.clg-la-grange-du-bois-savigny-le-temple.fr\/index.php?rest_route=\/wp\/v2\/posts"}],"about":[{"href":"https:\/\/www.clg-la-grange-du-bois-savigny-le-temple.fr\/index.php?rest_route=\/wp\/v2\/types\/post"}],"author":[{"embeddable":true,"href":"https:\/\/www.clg-la-grange-du-bois-savigny-le-temple.fr\/index.php?rest_route=\/wp\/v2\/users\/21"}],"replies":[{"embeddable":true,"href":"https:\/\/www.clg-la-grange-du-bois-savigny-le-temple.fr\/index.php?rest_route=%2Fwp%2Fv2%2Fcomments&post=16778"}],"version-history":[{"count":1,"href":"https:\/\/www.clg-la-grange-du-bois-savigny-le-temple.fr\/index.php?rest_route=\/wp\/v2\/posts\/16778\/revisions"}],"predecessor-version":[{"id":16790,"href":"https:\/\/www.clg-la-grange-du-bois-savigny-le-temple.fr\/index.php?rest_route=\/wp\/v2\/posts\/16778\/revisions\/16790"}],"wp:attachment":[{"href":"https:\/\/www.clg-la-grange-du-bois-savigny-le-temple.fr\/index.php?rest_route=%2Fwp%2Fv2%2Fmedia&parent=16778"}],"wp:term":[{"taxonomy":"category","embeddable":true,"href":"https:\/\/www.clg-la-grange-du-bois-savigny-le-temple.fr\/index.php?rest_route=%2Fwp%2Fv2%2Fcategories&post=16778"},{"taxonomy":"post_tag","embeddable":true,"href":"https:\/\/www.clg-la-grange-du-bois-savigny-le-temple.fr\/index.php?rest_route=%2Fwp%2Fv2%2Ftags&post=16778"}],"curies":[{"name":"wp","href":"https:\/\/api.w.org\/{rel}","templated":true}]}}