{"id":16894,"date":"2020-02-07T16:21:53","date_gmt":"2020-02-07T16:21:53","guid":{"rendered":"http:\/\/www.clg-la-grange-du-bois-savigny-le-temple.fr\/?p=16894"},"modified":"2025-07-03T13:39:20","modified_gmt":"2025-07-03T11:39:20","slug":"jpo-lycees","status":"publish","type":"post","link":"https:\/\/www.clg-la-grange-du-bois-savigny-le-temple.fr\/?p=16894","title":{"rendered":"JPO lyc\u00e9es"},"content":{"rendered":"<h3 style=\"text-align: center;\"><\/h3>\n<p><strong>Les portes ouvertes du lyc\u00e9e Antonin Car\u00eame auront lieu samedi 07 mars 2020 de 9h00 \u00e0 12h30.<\/strong><\/p>\n<p><strong>Les Portes ouvertes du lyc\u00e9e Sonia Delaunay se d\u00e9rouleront le samedi 28 mars 2020.<\/strong><\/p>\n<p><strong>Les portes-ouvertes du lyc\u00e9e des M\u00e9tiers Jacques Pr\u00e9vert, auront lieu le samedi 21 mars matin.<\/strong><\/p>\n<p>&nbsp;<\/p>\n<p>les affiches sont sur l&#8217;ENT du coll\u00e8ge<\/p>\n<p>La direction<\/p>\n","protected":false},"excerpt":{"rendered":"<p>Les portes ouvertes du lyc\u00e9e Antonin Car\u00eame auront lieu samedi 07 mars 2020 de 9h00 \u00e0 12h30. Les Portes ouvertes du lyc\u00e9e Sonia Delaunay se [&#8230;]<\/p>\n","protected":false},"author":21,"featured_media":0,"comment_status":"closed","ping_status":"closed","sticky":false,"template":"","format":"standard","meta":{"footnotes":""},"categories":[19,60],"tags":[],"_links":{"self":[{"href":"https:\/\/www.clg-la-grange-du-bois-savigny-le-temple.fr\/index.php?rest_route=\/wp\/v2\/posts\/16894"}],"collection":[{"href":"https:\/\/www.clg-la-grange-du-bois-savigny-le-temple.fr\/index.php?rest_route=\/wp\/v2\/posts"}],"about":[{"href":"https:\/\/www.clg-la-grange-du-bois-savigny-le-temple.fr\/index.php?rest_route=\/wp\/v2\/types\/post"}],"author":[{"embeddable":true,"href":"https:\/\/www.clg-la-grange-du-bois-savigny-le-temple.fr\/index.php?rest_route=\/wp\/v2\/users\/21"}],"replies":[{"embeddable":true,"href":"https:\/\/www.clg-la-grange-du-bois-savigny-le-temple.fr\/index.php?rest_route=%2Fwp%2Fv2%2Fcomments&post=16894"}],"version-history":[{"count":3,"href":"https:\/\/www.clg-la-grange-du-bois-savigny-le-temple.fr\/index.php?rest_route=\/wp\/v2\/posts\/16894\/revisions"}],"predecessor-version":[{"id":16900,"href":"https:\/\/www.clg-la-grange-du-bois-savigny-le-temple.fr\/index.php?rest_route=\/wp\/v2\/posts\/16894\/revisions\/16900"}],"wp:attachment":[{"href":"https:\/\/www.clg-la-grange-du-bois-savigny-le-temple.fr\/index.php?rest_route=%2Fwp%2Fv2%2Fmedia&parent=16894"}],"wp:term":[{"taxonomy":"category","embeddable":true,"href":"https:\/\/www.clg-la-grange-du-bois-savigny-le-temple.fr\/index.php?rest_route=%2Fwp%2Fv2%2Fcategories&post=16894"},{"taxonomy":"post_tag","embeddable":true,"href":"https:\/\/www.clg-la-grange-du-bois-savigny-le-temple.fr\/index.php?rest_route=%2Fwp%2Fv2%2Ftags&post=16894"}],"curies":[{"name":"wp","href":"https:\/\/api.w.org\/{rel}","templated":true}]}}