{"id":17408,"date":"2020-03-13T16:23:25","date_gmt":"2020-03-13T16:23:25","guid":{"rendered":"http:\/\/www.clg-la-grange-du-bois-savigny-le-temple.fr\/?p=17408"},"modified":"2025-07-03T13:39:20","modified_gmt":"2025-07-03T11:39:20","slug":"ressources-scolaires","status":"publish","type":"post","link":"https:\/\/www.clg-la-grange-du-bois-savigny-le-temple.fr\/?p=17408","title":{"rendered":"RESSOURCES SCOLAIRES"},"content":{"rendered":"<p style=\"text-align: center;\"><strong>RESSOURCES POUR ORGANISER LA CONTINUITE PEDAGOGIQUE<\/strong><\/p>\n<p>&nbsp;<\/p>\n<p>Dans le cadre du <strong>plan de continuit\u00e9 p\u00e9dagogique<\/strong>, les \u00e9ditions Magnard, Vuibert et Delagrave mettent\u00a0<strong>\u00e0 votre disposition, et \u00e0 celle de vos \u00e9l\u00e8ves, leurs manuels num\u00e9riques.<\/strong><\/p>\n<p>Cette biblioth\u00e8que num\u00e9rique permet un <strong>acc\u00e8s \u00e0 distance<\/strong> \u00e0 un grand nombre de ressources, toutes conformes aux programmes, pour <strong>permettre aux \u00e9l\u00e8ves de continuer \u00e0 travailler.<\/strong><\/p>\n<p><strong>Ces contenus sont disponibles en ligne\u00a0: <\/strong><a href=\"https:\/\/www.magnard.fr\/continuite-pedagogique\">https:\/\/www.magnard.fr\/continuite-pedagogique<\/a><\/p>\n<p><strong>\u00a0<\/strong><\/p>\n<p style=\"text-align: center;\"><strong>Quelques liens pour aider vos enfants<\/strong><\/p>\n<p><strong>\u00a0<\/strong><\/p>\n<ul>\n<li><strong>EDUSCOL\u00a0<\/strong>: <a href=\"https:\/\/eduscol.education.fr\/cid149909\/continuite-pedagogique.html\">https:\/\/eduscol.education.fr\/cid149909\/continuite-pedagogique.html<\/a><\/li>\n<\/ul>\n<p>&nbsp;<\/p>\n<ul>\n<li><strong>PLATEFORME ECOLE INCLUSIVE\u00a0: <\/strong><a href=\"https:\/\/www.reseau-canope.fr\/cap-ecole-inclusive\">https:\/\/www.reseau-canope.fr\/cap-ecole-inclusive<\/a><\/li>\n<\/ul>\n<p>&nbsp;<\/p>\n<p>&nbsp;<\/p>\n<ul>\n<li><strong>Autres ressources\u00a0: <\/strong><a href=\"http:\/\/www.ash91.ac-versailles.fr\/wp-content\/uploads\/sites\/39\/2020\/03\/5.-Covid-19-continuite_-pe_da-91_2.doc-x.pdf\">http:\/\/www.ash91.ac-versailles.fr\/wp-content\/uploads\/sites\/39\/2020\/03\/5.-Covid-19-continuite_-pe_da-91_2.doc-x.pdf<\/a><\/li>\n<\/ul>\n<p>&nbsp;<\/p>\n<p><strong>Guide de continuit\u00e9 p\u00e9dagogique<\/strong>\u00a0: <a href=\"https:\/\/www.ac-paris.fr\/portail\/jcms\/p1_2003501\/coronavirus-guide-de-continuite-pedagogique-a-destination-des-equipes-de-direction-et-des-equipes-pedagogiques\">https:\/\/www.ac-paris.fr\/portail\/jcms\/p1_2003501\/coronavirus-guide-de-continuite-pedagogique-a-destination-des-equipes-de-direction-et-des-equipes-pedagogiques<\/a><\/p>\n","protected":false},"excerpt":{"rendered":"<p>RESSOURCES POUR ORGANISER LA CONTINUITE PEDAGOGIQUE &nbsp; Dans le cadre du plan de continuit\u00e9 p\u00e9dagogique, les \u00e9ditions Magnard, Vuibert et Delagrave mettent\u00a0\u00e0 votre disposition, et [&#8230;]<\/p>\n","protected":false},"author":21,"featured_media":0,"comment_status":"closed","ping_status":"closed","sticky":false,"template":"","format":"standard","meta":{"footnotes":""},"categories":[1],"tags":[],"_links":{"self":[{"href":"https:\/\/www.clg-la-grange-du-bois-savigny-le-temple.fr\/index.php?rest_route=\/wp\/v2\/posts\/17408"}],"collection":[{"href":"https:\/\/www.clg-la-grange-du-bois-savigny-le-temple.fr\/index.php?rest_route=\/wp\/v2\/posts"}],"about":[{"href":"https:\/\/www.clg-la-grange-du-bois-savigny-le-temple.fr\/index.php?rest_route=\/wp\/v2\/types\/post"}],"author":[{"embeddable":true,"href":"https:\/\/www.clg-la-grange-du-bois-savigny-le-temple.fr\/index.php?rest_route=\/wp\/v2\/users\/21"}],"replies":[{"embeddable":true,"href":"https:\/\/www.clg-la-grange-du-bois-savigny-le-temple.fr\/index.php?rest_route=%2Fwp%2Fv2%2Fcomments&post=17408"}],"version-history":[{"count":1,"href":"https:\/\/www.clg-la-grange-du-bois-savigny-le-temple.fr\/index.php?rest_route=\/wp\/v2\/posts\/17408\/revisions"}],"predecessor-version":[{"id":17409,"href":"https:\/\/www.clg-la-grange-du-bois-savigny-le-temple.fr\/index.php?rest_route=\/wp\/v2\/posts\/17408\/revisions\/17409"}],"wp:attachment":[{"href":"https:\/\/www.clg-la-grange-du-bois-savigny-le-temple.fr\/index.php?rest_route=%2Fwp%2Fv2%2Fmedia&parent=17408"}],"wp:term":[{"taxonomy":"category","embeddable":true,"href":"https:\/\/www.clg-la-grange-du-bois-savigny-le-temple.fr\/index.php?rest_route=%2Fwp%2Fv2%2Fcategories&post=17408"},{"taxonomy":"post_tag","embeddable":true,"href":"https:\/\/www.clg-la-grange-du-bois-savigny-le-temple.fr\/index.php?rest_route=%2Fwp%2Fv2%2Ftags&post=17408"}],"curies":[{"name":"wp","href":"https:\/\/api.w.org\/{rel}","templated":true}]}}