{"id":19340,"date":"2020-06-02T15:24:38","date_gmt":"2020-06-02T15:24:38","guid":{"rendered":"http:\/\/www.clg-la-grange-du-bois-savigny-le-temple.fr\/?p=19340"},"modified":"2025-07-03T13:39:20","modified_gmt":"2025-07-03T11:39:20","slug":"latin-et-grec","status":"publish","type":"post","link":"https:\/\/www.clg-la-grange-du-bois-savigny-le-temple.fr\/?p=19340","title":{"rendered":"LATIN ET GREC"},"content":{"rendered":"<h1 style=\"text-align: center;\">LATIN ET GREC \u00e0 La Grange du Bois<\/h1>\n<p>&nbsp;<\/p>\n<h4>En France on parle fran\u00e7ais, En Gr\u00e8ce on parle grec , et en&nbsp; Latinie en parle latin ?<\/h4>\n<h4>Vous voulez des r\u00e9ponses \u00e0 cette question ? regardez ces diaporamas et prenez contact avec Mme David via l&#8217;ENT<\/h4>\n<h4>Vous avez encore le temps de changer d&#8217;avis apr\u00e8s cette d\u00e9couverte.<\/h4>\n<p>&nbsp;<\/p>\n<p><a href=\"https:\/\/www.clg-la-grange-du-bois-savigny-le-temple.fr\/wp-content\/uploads\/2020\/06\/Grec-ancien-en-3\u00e8me.pdf\">Grec ancien en 3\u00e8me<\/a><\/p>\n<p><a href=\"https:\/\/www.clg-la-grange-du-bois-savigny-le-temple.fr\/wp-content\/uploads\/2020\/06\/Latin-en-5\u00e8me-GDB1.pdf\">Latin en 5\u00e8me GDB(1)<\/a><\/p>\n<p>&nbsp;<\/p>\n<p>La direction<\/p>\n<p>&nbsp;<\/p>\n<p>&nbsp;<\/p>\n","protected":false},"excerpt":{"rendered":"<p>LATIN ET GREC \u00e0 La Grange du Bois &nbsp; En France on parle fran\u00e7ais, En Gr\u00e8ce on parle grec , et en&nbsp; Latinie en parle [&#8230;]<\/p>\n","protected":false},"author":21,"featured_media":0,"comment_status":"closed","ping_status":"closed","sticky":false,"template":"","format":"standard","meta":{"footnotes":""},"categories":[15],"tags":[],"_links":{"self":[{"href":"https:\/\/www.clg-la-grange-du-bois-savigny-le-temple.fr\/index.php?rest_route=\/wp\/v2\/posts\/19340"}],"collection":[{"href":"https:\/\/www.clg-la-grange-du-bois-savigny-le-temple.fr\/index.php?rest_route=\/wp\/v2\/posts"}],"about":[{"href":"https:\/\/www.clg-la-grange-du-bois-savigny-le-temple.fr\/index.php?rest_route=\/wp\/v2\/types\/post"}],"author":[{"embeddable":true,"href":"https:\/\/www.clg-la-grange-du-bois-savigny-le-temple.fr\/index.php?rest_route=\/wp\/v2\/users\/21"}],"replies":[{"embeddable":true,"href":"https:\/\/www.clg-la-grange-du-bois-savigny-le-temple.fr\/index.php?rest_route=%2Fwp%2Fv2%2Fcomments&post=19340"}],"version-history":[{"count":5,"href":"https:\/\/www.clg-la-grange-du-bois-savigny-le-temple.fr\/index.php?rest_route=\/wp\/v2\/posts\/19340\/revisions"}],"predecessor-version":[{"id":21325,"href":"https:\/\/www.clg-la-grange-du-bois-savigny-le-temple.fr\/index.php?rest_route=\/wp\/v2\/posts\/19340\/revisions\/21325"}],"wp:attachment":[{"href":"https:\/\/www.clg-la-grange-du-bois-savigny-le-temple.fr\/index.php?rest_route=%2Fwp%2Fv2%2Fmedia&parent=19340"}],"wp:term":[{"taxonomy":"category","embeddable":true,"href":"https:\/\/www.clg-la-grange-du-bois-savigny-le-temple.fr\/index.php?rest_route=%2Fwp%2Fv2%2Fcategories&post=19340"},{"taxonomy":"post_tag","embeddable":true,"href":"https:\/\/www.clg-la-grange-du-bois-savigny-le-temple.fr\/index.php?rest_route=%2Fwp%2Fv2%2Ftags&post=19340"}],"curies":[{"name":"wp","href":"https:\/\/api.w.org\/{rel}","templated":true}]}}