{"id":19993,"date":"2020-08-24T09:47:38","date_gmt":"2020-08-24T09:47:38","guid":{"rendered":"http:\/\/www.clg-la-grange-du-bois-savigny-le-temple.fr\/?p=19993"},"modified":"2025-07-03T13:39:20","modified_gmt":"2025-07-03T11:39:20","slug":"reprise-scolaire","status":"publish","type":"post","link":"https:\/\/www.clg-la-grange-du-bois-savigny-le-temple.fr\/?p=19993","title":{"rendered":"REPRISE SCOLAIRE"},"content":{"rendered":"<p>Bonjour \u00e0 tous<\/p>\n<p>&nbsp;<\/p>\n<p>Merci de trouver en pi\u00e8ce jointe les documents de rentr\u00e9e<\/p>\n<p>&nbsp;<\/p>\n<p><a href=\"https:\/\/drive.google.com\/file\/d\/172uwgUN8U4SHyKi4uoU5WKIhn2FQFlAO\/view?usp=sharing\">Organisation de la reprise <\/a><\/p>\n<p><a href=\"https:\/\/drive.google.com\/file\/d\/1AWRvyzZ11Yqn6Co7TEO71U5ZKwM0ndFL\/view?usp=sharing\">fournitures scolaires 5e,4e, 3e<\/a><\/p>\n<p><a href=\"https:\/\/drive.google.com\/file\/d\/1NYNtlf4BkEX-GK3FgxlE0orIrkgoCW0j\/view?usp=sharing\">fournitures scolaires 3eme pr\u00e9pa m\u00e9tier<\/a><\/p>\n<p>&nbsp;<\/p>\n<p>Bonne fin de vacances<\/p>\n<p>La direction<\/p>\n","protected":false},"excerpt":{"rendered":"<p>Bonjour \u00e0 tous &nbsp; Merci de trouver en pi\u00e8ce jointe les documents de rentr\u00e9e &nbsp; Organisation de la reprise fournitures scolaires 5e,4e, 3e fournitures scolaires [&#8230;]<\/p>\n","protected":false},"author":21,"featured_media":0,"comment_status":"closed","ping_status":"closed","sticky":false,"template":"","format":"standard","meta":{"footnotes":""},"categories":[1],"tags":[],"_links":{"self":[{"href":"https:\/\/www.clg-la-grange-du-bois-savigny-le-temple.fr\/index.php?rest_route=\/wp\/v2\/posts\/19993"}],"collection":[{"href":"https:\/\/www.clg-la-grange-du-bois-savigny-le-temple.fr\/index.php?rest_route=\/wp\/v2\/posts"}],"about":[{"href":"https:\/\/www.clg-la-grange-du-bois-savigny-le-temple.fr\/index.php?rest_route=\/wp\/v2\/types\/post"}],"author":[{"embeddable":true,"href":"https:\/\/www.clg-la-grange-du-bois-savigny-le-temple.fr\/index.php?rest_route=\/wp\/v2\/users\/21"}],"replies":[{"embeddable":true,"href":"https:\/\/www.clg-la-grange-du-bois-savigny-le-temple.fr\/index.php?rest_route=%2Fwp%2Fv2%2Fcomments&post=19993"}],"version-history":[{"count":1,"href":"https:\/\/www.clg-la-grange-du-bois-savigny-le-temple.fr\/index.php?rest_route=\/wp\/v2\/posts\/19993\/revisions"}],"predecessor-version":[{"id":19994,"href":"https:\/\/www.clg-la-grange-du-bois-savigny-le-temple.fr\/index.php?rest_route=\/wp\/v2\/posts\/19993\/revisions\/19994"}],"wp:attachment":[{"href":"https:\/\/www.clg-la-grange-du-bois-savigny-le-temple.fr\/index.php?rest_route=%2Fwp%2Fv2%2Fmedia&parent=19993"}],"wp:term":[{"taxonomy":"category","embeddable":true,"href":"https:\/\/www.clg-la-grange-du-bois-savigny-le-temple.fr\/index.php?rest_route=%2Fwp%2Fv2%2Fcategories&post=19993"},{"taxonomy":"post_tag","embeddable":true,"href":"https:\/\/www.clg-la-grange-du-bois-savigny-le-temple.fr\/index.php?rest_route=%2Fwp%2Fv2%2Ftags&post=19993"}],"curies":[{"name":"wp","href":"https:\/\/api.w.org\/{rel}","templated":true}]}}