{"id":20304,"date":"2020-11-19T15:12:05","date_gmt":"2020-11-19T15:12:05","guid":{"rendered":"http:\/\/www.clg-la-grange-du-bois-savigny-le-temple.fr\/?p=20304"},"modified":"2025-07-03T13:39:20","modified_gmt":"2025-07-03T11:39:20","slug":"remise-des-diplomes","status":"publish","type":"post","link":"https:\/\/www.clg-la-grange-du-bois-savigny-le-temple.fr\/?p=20304","title":{"rendered":"REMISE DES DIPL\u00d4MES"},"content":{"rendered":"<h4>En raison des conditions sanitaires qui nous emp\u00eachent d\u2019organiser la c\u00e9r\u00e9monie r\u00e9publicaine de remise des dipl\u00f4mes comme d\u2019habitude. Les \u00e9l\u00e8ves sont invit\u00e9s \u00e0 venir au coll\u00e8ge pour r\u00e9cup\u00e9rer les dipl\u00f4mes du DNB et du CFG session 2020 au coll\u00e8ge selon le planning suivant\u00a0:\u200b\u200b<\/h4>\n<table style=\"height: 445px;\" width=\"1064\">\n<tbody>\n<tr>\n<td>CLASSE<\/td>\n<td><\/td>\n<td>DATE<\/td>\n<td>HORAIRE<\/td>\n<\/tr>\n<tr>\n<td>3\u00b02<\/td>\n<td><\/td>\n<td>LUNDI 30 NOVEMBRE<\/td>\n<td>17H30-18H00<\/td>\n<\/tr>\n<tr>\n<td>3\u00b03<\/td>\n<td><\/td>\n<td>LUNDI 30 NOVEMBRE<\/td>\n<td>18H00-18H30<\/td>\n<\/tr>\n<tr>\n<td>3\u00b04<\/td>\n<td><\/td>\n<td>LUNDI 30 NOVEMBRE<\/td>\n<td>18H30-19H00<\/td>\n<\/tr>\n<tr>\n<td><\/td>\n<td><\/td>\n<td><\/td>\n<td><\/td>\n<\/tr>\n<tr>\n<td>3\u00b05<\/td>\n<td><\/td>\n<td>VENDREDI 4 D\u00c9CEMBRE<\/td>\n<td>17H30-18H00<\/td>\n<\/tr>\n<tr>\n<td>3\u00b06<\/td>\n<td><\/td>\n<td>VENDREDI 4 D\u00c9CEMBRE<\/td>\n<td>18H00-18H30<\/td>\n<\/tr>\n<tr>\n<td>3\u00b07<\/td>\n<td><\/td>\n<td>VENDREDI 4 D\u00c9CEMBRE<\/td>\n<td>18H30-19H00<\/td>\n<\/tr>\n<tr>\n<td>3\u00b01<\/td>\n<td><\/td>\n<td>VENDREDI 4 D\u00c9CEMBRE<\/td>\n<td>19H00-19H30<\/td>\n<\/tr>\n<\/tbody>\n<\/table>\n<p>Les \u00e9l\u00e8ves sont invit\u00e9s \u00e0 r\u00e9cup\u00e9rer leurs dipl\u00f4mes en personne (se munir d\u2019une pi\u00e8ce d\u2019identit\u00e9).<\/p>\n<p>Si l\u2019\u00e9l\u00e8ve ne peut pas venir, <strong>un seul parent<\/strong> peut venir \u00e0 sa place en se munissant de la carte d\u2019identit\u00e9 de son enfant et de la sienne.<\/p>\n<p>&nbsp;<\/p>\n<p><strong>Le port du masque est obligatoire. Merci de faire circuler l\u2019information.<\/strong><\/p>\n<p>Aucune inscription n&#8217;est obligatoire, merci de respecter les horaires.<\/p>\n<p>&nbsp;<\/p>\n<p>&nbsp;<\/p>\n<p>&nbsp;<\/p>\n","protected":false},"excerpt":{"rendered":"<p>En raison des conditions sanitaires qui nous emp\u00eachent d\u2019organiser la c\u00e9r\u00e9monie r\u00e9publicaine de remise des dipl\u00f4mes comme d\u2019habitude. Les \u00e9l\u00e8ves sont invit\u00e9s \u00e0 venir au [&#8230;]<\/p>\n","protected":false},"author":21,"featured_media":0,"comment_status":"closed","ping_status":"closed","sticky":false,"template":"","format":"standard","meta":{"footnotes":""},"categories":[1],"tags":[],"_links":{"self":[{"href":"https:\/\/www.clg-la-grange-du-bois-savigny-le-temple.fr\/index.php?rest_route=\/wp\/v2\/posts\/20304"}],"collection":[{"href":"https:\/\/www.clg-la-grange-du-bois-savigny-le-temple.fr\/index.php?rest_route=\/wp\/v2\/posts"}],"about":[{"href":"https:\/\/www.clg-la-grange-du-bois-savigny-le-temple.fr\/index.php?rest_route=\/wp\/v2\/types\/post"}],"author":[{"embeddable":true,"href":"https:\/\/www.clg-la-grange-du-bois-savigny-le-temple.fr\/index.php?rest_route=\/wp\/v2\/users\/21"}],"replies":[{"embeddable":true,"href":"https:\/\/www.clg-la-grange-du-bois-savigny-le-temple.fr\/index.php?rest_route=%2Fwp%2Fv2%2Fcomments&post=20304"}],"version-history":[{"count":3,"href":"https:\/\/www.clg-la-grange-du-bois-savigny-le-temple.fr\/index.php?rest_route=\/wp\/v2\/posts\/20304\/revisions"}],"predecessor-version":[{"id":20308,"href":"https:\/\/www.clg-la-grange-du-bois-savigny-le-temple.fr\/index.php?rest_route=\/wp\/v2\/posts\/20304\/revisions\/20308"}],"wp:attachment":[{"href":"https:\/\/www.clg-la-grange-du-bois-savigny-le-temple.fr\/index.php?rest_route=%2Fwp%2Fv2%2Fmedia&parent=20304"}],"wp:term":[{"taxonomy":"category","embeddable":true,"href":"https:\/\/www.clg-la-grange-du-bois-savigny-le-temple.fr\/index.php?rest_route=%2Fwp%2Fv2%2Fcategories&post=20304"},{"taxonomy":"post_tag","embeddable":true,"href":"https:\/\/www.clg-la-grange-du-bois-savigny-le-temple.fr\/index.php?rest_route=%2Fwp%2Fv2%2Ftags&post=20304"}],"curies":[{"name":"wp","href":"https:\/\/api.w.org\/{rel}","templated":true}]}}