{"id":20705,"date":"2021-05-01T13:57:13","date_gmt":"2021-05-01T11:57:13","guid":{"rendered":"http:\/\/www.clg-la-grange-du-bois-savigny-le-temple.fr\/?p=20705"},"modified":"2025-07-03T13:39:20","modified_gmt":"2025-07-03T11:39:20","slug":"soutenez-la-gazette-du-bois-grace-a-la-trousse-a-projets","status":"publish","type":"post","link":"https:\/\/www.clg-la-grange-du-bois-savigny-le-temple.fr\/?p=20705","title":{"rendered":"Soutenez la gazette du Bois gr\u00e2ce \u00e0 la trousse \u00e0 projets !"},"content":{"rendered":"<p><span style=\"font-family: Arial, sans-serif;\">Chers \u00e9l\u00e8ves, chers parents, chers enseignants,<\/span><\/p>\n<p><span style=\"font-family: Arial, sans-serif;\">La r\u00e9daction du deuxi\u00e8me num\u00e9ro de la gazette du bois s&#8217;est achev\u00e9e la premi\u00e8re semaine d&#8217;avril mais le confinement rend difficile la vente de notre journal.<\/span><\/p>\n<p><span style=\"font-family: Arial, sans-serif;\">On a besoin de votre soutien pour poursuivre notre projet&nbsp;! <\/span><\/p>\n<p><span style=\"font-family: Arial, sans-serif;\">Le journal est accessible en version num\u00e9rique pour les personnes qui ne sont pas encore abonn\u00e9es et qui souhaitent soutenir le projet port\u00e9 par les \u00e9l\u00e8ves de 3eme6 et les membres du club journal.<\/span><\/p>\n<p><span style=\"font-family: Arial, sans-serif;\"><a href=\"https:\/\/trousseaprojets.fr\/projet\/3675-la-gazette-du-bois\">https:\/\/trousseaprojets.fr\/projet\/3675-la-gazette-du-bois<\/a><\/span><\/p>\n<p><span style=\"font-family: Arial, sans-serif;\">Une version gratuite du deuxi\u00e8me num\u00e9ro est \u00e9galement accessible \u00e0 l&#8217;adresse suivante&nbsp;:<\/span><\/p>\n<p><span style=\"font-family: Arial, sans-serif;\"><a href=\"https:\/\/www.canva.com\/design\/DAEbELmNb8w\/dEd3MS8mSkvvA0D0GZ0OWg\/view?utm_content=DAEbELmNb8w&amp;utm_campaign=designshare&amp;utm_medium=link&amp;utm_source=sharebutton\">https:\/\/www.canva.com\/design\/DAEbELmNb8w\/dEd3MS8mSkvvA0D0GZ0OWg\/view?utm_content=DAEbELmNb8w&amp;utm_campaign=designshare&amp;utm_medium=link&amp;utm_source=sharebutton<\/a><\/span><\/p>\n<p><span style=\"font-family: Arial, sans-serif;\">On compte sur vous&nbsp;! <\/span><\/p>\n<p><span style=\"font-family: Arial, sans-serif;\">La classe de 3eme6, le comit\u00e9 de r\u00e9daction et Mesdames Maurice et Levionnois.<\/span><\/p>\n","protected":false},"excerpt":{"rendered":"<p>Chers \u00e9l\u00e8ves, chers parents, chers enseignants, La r\u00e9daction du deuxi\u00e8me num\u00e9ro de la gazette du bois s&#8217;est achev\u00e9e la premi\u00e8re semaine d&#8217;avril mais le confinement [&#8230;]<\/p>\n","protected":false},"author":21,"featured_media":0,"comment_status":"closed","ping_status":"closed","sticky":false,"template":"","format":"standard","meta":{"footnotes":""},"categories":[5,59],"tags":[],"_links":{"self":[{"href":"https:\/\/www.clg-la-grange-du-bois-savigny-le-temple.fr\/index.php?rest_route=\/wp\/v2\/posts\/20705"}],"collection":[{"href":"https:\/\/www.clg-la-grange-du-bois-savigny-le-temple.fr\/index.php?rest_route=\/wp\/v2\/posts"}],"about":[{"href":"https:\/\/www.clg-la-grange-du-bois-savigny-le-temple.fr\/index.php?rest_route=\/wp\/v2\/types\/post"}],"author":[{"embeddable":true,"href":"https:\/\/www.clg-la-grange-du-bois-savigny-le-temple.fr\/index.php?rest_route=\/wp\/v2\/users\/21"}],"replies":[{"embeddable":true,"href":"https:\/\/www.clg-la-grange-du-bois-savigny-le-temple.fr\/index.php?rest_route=%2Fwp%2Fv2%2Fcomments&post=20705"}],"version-history":[{"count":2,"href":"https:\/\/www.clg-la-grange-du-bois-savigny-le-temple.fr\/index.php?rest_route=\/wp\/v2\/posts\/20705\/revisions"}],"predecessor-version":[{"id":21314,"href":"https:\/\/www.clg-la-grange-du-bois-savigny-le-temple.fr\/index.php?rest_route=\/wp\/v2\/posts\/20705\/revisions\/21314"}],"wp:attachment":[{"href":"https:\/\/www.clg-la-grange-du-bois-savigny-le-temple.fr\/index.php?rest_route=%2Fwp%2Fv2%2Fmedia&parent=20705"}],"wp:term":[{"taxonomy":"category","embeddable":true,"href":"https:\/\/www.clg-la-grange-du-bois-savigny-le-temple.fr\/index.php?rest_route=%2Fwp%2Fv2%2Fcategories&post=20705"},{"taxonomy":"post_tag","embeddable":true,"href":"https:\/\/www.clg-la-grange-du-bois-savigny-le-temple.fr\/index.php?rest_route=%2Fwp%2Fv2%2Ftags&post=20705"}],"curies":[{"name":"wp","href":"https:\/\/api.w.org\/{rel}","templated":true}]}}