{"id":21254,"date":"2021-11-15T11:12:37","date_gmt":"2021-11-15T11:12:37","guid":{"rendered":"https:\/\/www.clg-la-grange-du-bois-savigny-le-temple.fr\/?p=21254"},"modified":"2025-07-03T13:38:57","modified_gmt":"2025-07-03T11:38:57","slug":"remise-des-diplomes-dnb-et-cfg","status":"publish","type":"post","link":"https:\/\/www.clg-la-grange-du-bois-savigny-le-temple.fr\/?p=21254","title":{"rendered":"REMISE DES DIPLOMES DU DNB ET DU CFG"},"content":{"rendered":"\n<p>Chers parents, chers \u00e9l\u00e8ves,<\/p>\n\n\n\n<p>la remise des dipl\u00f4mes du DNB et du CFG aura lieu le jeudi 25\/11\/2021 selon le planning suivant : <\/p>\n\n\n\n<p><\/p>\n\n\n\n<p><span style=\"text-decoration: underline;\">3\u00e8me 7<\/span>: \u00c0 17H15 AVEC MME JURAD<\/p>\n\n\n\n<p><span style=\"text-decoration: underline;\">3\u00e8me 6<\/span>: \u00c0 17H30 AVEC MME MAURICE<\/p>\n\n\n\n<p><span style=\"text-decoration: underline;\">3\u00e8me 2<\/span>: \u00c0 17H45 AVEC M. HERR<\/p>\n\n\n\n<p><span style=\"text-decoration: underline;\">3\u00e8me 1<\/span>: \u00c0 18H00 AVEC MME BENYACHOU<\/p>\n\n\n\n<p><span style=\"text-decoration: underline;\">3\u00e8me 4<\/span>: \u00c0 18H15 AVEC MME CAMUS<\/p>\n\n\n\n<p><span style=\"text-decoration: underline;\">3\u00e8me3<\/span> ET <span style=\"text-decoration: underline;\">3\u00e8me 5<\/span>&nbsp;: \u00c0 18H30<\/p>\n\n\n\n<p><\/p>\n\n\n\n<p><strong>Une pi\u00e8ce d&#8217;identit\u00e9 sera n\u00e9cessaire pour entrer dans  l&#8217;\u00e9tablissement. <\/strong><\/p>\n","protected":false},"excerpt":{"rendered":"<p>Chers parents, chers \u00e9l\u00e8ves, la remise des dipl\u00f4mes du DNB et du CFG aura lieu le jeudi 25\/11\/2021 selon le planning suivant : 3\u00e8me 7: [&#8230;]<\/p>\n","protected":false},"author":21,"featured_media":0,"comment_status":"closed","ping_status":"closed","sticky":false,"template":"","format":"standard","meta":{"footnotes":""},"categories":[5],"tags":[],"_links":{"self":[{"href":"https:\/\/www.clg-la-grange-du-bois-savigny-le-temple.fr\/index.php?rest_route=\/wp\/v2\/posts\/21254"}],"collection":[{"href":"https:\/\/www.clg-la-grange-du-bois-savigny-le-temple.fr\/index.php?rest_route=\/wp\/v2\/posts"}],"about":[{"href":"https:\/\/www.clg-la-grange-du-bois-savigny-le-temple.fr\/index.php?rest_route=\/wp\/v2\/types\/post"}],"author":[{"embeddable":true,"href":"https:\/\/www.clg-la-grange-du-bois-savigny-le-temple.fr\/index.php?rest_route=\/wp\/v2\/users\/21"}],"replies":[{"embeddable":true,"href":"https:\/\/www.clg-la-grange-du-bois-savigny-le-temple.fr\/index.php?rest_route=%2Fwp%2Fv2%2Fcomments&post=21254"}],"version-history":[{"count":10,"href":"https:\/\/www.clg-la-grange-du-bois-savigny-le-temple.fr\/index.php?rest_route=\/wp\/v2\/posts\/21254\/revisions"}],"predecessor-version":[{"id":21266,"href":"https:\/\/www.clg-la-grange-du-bois-savigny-le-temple.fr\/index.php?rest_route=\/wp\/v2\/posts\/21254\/revisions\/21266"}],"wp:attachment":[{"href":"https:\/\/www.clg-la-grange-du-bois-savigny-le-temple.fr\/index.php?rest_route=%2Fwp%2Fv2%2Fmedia&parent=21254"}],"wp:term":[{"taxonomy":"category","embeddable":true,"href":"https:\/\/www.clg-la-grange-du-bois-savigny-le-temple.fr\/index.php?rest_route=%2Fwp%2Fv2%2Fcategories&post=21254"},{"taxonomy":"post_tag","embeddable":true,"href":"https:\/\/www.clg-la-grange-du-bois-savigny-le-temple.fr\/index.php?rest_route=%2Fwp%2Fv2%2Ftags&post=21254"}],"curies":[{"name":"wp","href":"https:\/\/api.w.org\/{rel}","templated":true}]}}