{"id":21475,"date":"2022-01-07T06:51:35","date_gmt":"2022-01-07T05:51:35","guid":{"rendered":"https:\/\/www.clg-la-grange-du-bois-savigny-le-temple.fr\/?p=21475"},"modified":"2025-07-03T13:38:57","modified_gmt":"2025-07-03T11:38:57","slug":"information-covid-19-eps","status":"publish","type":"post","link":"https:\/\/www.clg-la-grange-du-bois-savigny-le-temple.fr\/?p=21475","title":{"rendered":"Information COVID-19 \/ EPS"},"content":{"rendered":"\n<p>En raison de la forte \u00e9pid\u00e9mie de COVID , nous sommes contraints de suspendre les s\u00e9ances de natation jusqu\u2019\u00e0 nouvel ordre pour \u00e9viter les clusters. <\/p>\n\n\n\n<p>Cette d\u00e9cision est valable pour toutes les classes de 6e, ce qui implique que les \u00e9l\u00e8ves auront cours d\u2019EPS normalement avec leur professeur \u00e0 la place de la piscine.<\/p>\n\n\n\n<p>Pour les classes de sections sportives, il n\u2019y aura pas de cours, les \u00e9l\u00e8ves seront lib\u00e9r\u00e9s.<\/p>\n\n\n\n<p>Merci de votre compr\u00e9hension.&nbsp;<\/p>\n\n\n\n<p>La direction<\/p>\n\n\n\n<p><\/p>\n\n\n\n<p><\/p>\n","protected":false},"excerpt":{"rendered":"<p>En raison de la forte \u00e9pid\u00e9mie de COVID , nous sommes contraints de suspendre les s\u00e9ances de natation jusqu\u2019\u00e0 nouvel ordre pour \u00e9viter les clusters. [&#8230;]<\/p>\n","protected":false},"author":21,"featured_media":0,"comment_status":"closed","ping_status":"closed","sticky":false,"template":"","format":"standard","meta":{"footnotes":""},"categories":[5,12,22],"tags":[],"_links":{"self":[{"href":"https:\/\/www.clg-la-grange-du-bois-savigny-le-temple.fr\/index.php?rest_route=\/wp\/v2\/posts\/21475"}],"collection":[{"href":"https:\/\/www.clg-la-grange-du-bois-savigny-le-temple.fr\/index.php?rest_route=\/wp\/v2\/posts"}],"about":[{"href":"https:\/\/www.clg-la-grange-du-bois-savigny-le-temple.fr\/index.php?rest_route=\/wp\/v2\/types\/post"}],"author":[{"embeddable":true,"href":"https:\/\/www.clg-la-grange-du-bois-savigny-le-temple.fr\/index.php?rest_route=\/wp\/v2\/users\/21"}],"replies":[{"embeddable":true,"href":"https:\/\/www.clg-la-grange-du-bois-savigny-le-temple.fr\/index.php?rest_route=%2Fwp%2Fv2%2Fcomments&post=21475"}],"version-history":[{"count":3,"href":"https:\/\/www.clg-la-grange-du-bois-savigny-le-temple.fr\/index.php?rest_route=\/wp\/v2\/posts\/21475\/revisions"}],"predecessor-version":[{"id":21478,"href":"https:\/\/www.clg-la-grange-du-bois-savigny-le-temple.fr\/index.php?rest_route=\/wp\/v2\/posts\/21475\/revisions\/21478"}],"wp:attachment":[{"href":"https:\/\/www.clg-la-grange-du-bois-savigny-le-temple.fr\/index.php?rest_route=%2Fwp%2Fv2%2Fmedia&parent=21475"}],"wp:term":[{"taxonomy":"category","embeddable":true,"href":"https:\/\/www.clg-la-grange-du-bois-savigny-le-temple.fr\/index.php?rest_route=%2Fwp%2Fv2%2Fcategories&post=21475"},{"taxonomy":"post_tag","embeddable":true,"href":"https:\/\/www.clg-la-grange-du-bois-savigny-le-temple.fr\/index.php?rest_route=%2Fwp%2Fv2%2Ftags&post=21475"}],"curies":[{"name":"wp","href":"https:\/\/api.w.org\/{rel}","templated":true}]}}