{"id":21479,"date":"2022-01-07T18:30:21","date_gmt":"2022-01-07T17:30:21","guid":{"rendered":"https:\/\/www.clg-la-grange-du-bois-savigny-le-temple.fr\/?p=21479"},"modified":"2025-07-03T13:38:57","modified_gmt":"2025-07-03T11:38:57","slug":"information-concernant-les-classes-en-eviction-pour-cas-covid","status":"publish","type":"post","link":"https:\/\/www.clg-la-grange-du-bois-savigny-le-temple.fr\/?p=21479","title":{"rendered":"Information concernant les classes en \u00e9viction pour cas COVID"},"content":{"rendered":"\n<p>Chers Parents,<br><br>Suite \u00e0 la tr\u00e8s forte recrudescence des contaminations dans les classes, nous sommes contraints de revenir au protocole pr\u00e9c\u00e9dent pour \u00e9viter une \u00e9pid\u00e9mie g\u00e9n\u00e9ralis\u00e9e.<br><br>D\u00e8s l&#8217;apparition d&#8217;un cas positif dans la classe,vous devez imm\u00e9diatement le signaler au coll\u00e8ge et nous\u00a0transmettre la copie du test n\u00e9gatif \u00a0sur la bo\u00eete mail du \u00a0coll\u00e8ge \u00a0<a href=\"mailto:ce.0772274d@ac-creteil.fr\">ce.0772274d@ac-creteil.fr<\/a> \u00a0ou le donner en mains propres au secr\u00e9tariat de direction.<br><br>A partir d&#8217;un cas positif : tous les \u00e9l\u00e8ves de la classe concern\u00e9e sont en \u00e9viction pour 7 jours.\u00a0<br>A l&#8217;issue de ce d\u00e9lai, ils seront autoris\u00e9s \u00e0 revenir en classe UNIQUEMENT avec 1 test antig\u00e9nique ou 1 test PCR de &#8211; de 48heures n\u00e9gatif\u00a0(nous n&#8217;utilisons plus les \u00a0autotests).<br><span style=\"text-decoration: underline;\"><br><strong>ATTENTION RAPPEL<\/strong><\/span><strong>: les 4e1 4e3 4e4 3e1 3e6 5e3 5e4 et 6e4 sont en \u00e9viction. Retour pr\u00e9vu \u00a0pour ces classes <span style=\"text-decoration: underline;\">jeudi 13 janvier<\/span><\/strong><br>\u00a0(avec Test antig\u00e9niques ou PCR de moins de 48 heures n\u00e9gatif). <\/p>\n\n\n\n<p><strong>ATTENTION les 5e1 3e4 et 5e2 sont en \u00e9viction, retour pr\u00e9vu pour ces classes <span style=\"text-decoration: underline;\">vendredi 14 janvier<\/span><\/strong> \u00a0(avec test antig\u00e9nique ou PCR de moins de 48 heures n\u00e9gatif). <\/p>\n\n\n\n<p>Pour les 3e, le protocole<strong> pour les stages<\/strong> reste le m\u00eame : avec un test n\u00e9gatif PCR ou antig\u00e9nique, les \u00e9l\u00e8ves vont en stage. Sans stage, les \u00e9l\u00e8ves reviennent lundi matin \u00e0 9h20 avec un test antig\u00e9nique n\u00e9gatif au coll\u00e8ge.<br><br>Bien Cordialement<br>La Direction<\/p>\n","protected":false},"excerpt":{"rendered":"<p>Chers Parents, Suite \u00e0 la tr\u00e8s forte recrudescence des contaminations dans les classes, nous sommes contraints de revenir au protocole pr\u00e9c\u00e9dent pour \u00e9viter une \u00e9pid\u00e9mie [&#8230;]<\/p>\n","protected":false},"author":21,"featured_media":0,"comment_status":"closed","ping_status":"closed","sticky":false,"template":"","format":"standard","meta":{"footnotes":""},"categories":[5],"tags":[],"_links":{"self":[{"href":"https:\/\/www.clg-la-grange-du-bois-savigny-le-temple.fr\/index.php?rest_route=\/wp\/v2\/posts\/21479"}],"collection":[{"href":"https:\/\/www.clg-la-grange-du-bois-savigny-le-temple.fr\/index.php?rest_route=\/wp\/v2\/posts"}],"about":[{"href":"https:\/\/www.clg-la-grange-du-bois-savigny-le-temple.fr\/index.php?rest_route=\/wp\/v2\/types\/post"}],"author":[{"embeddable":true,"href":"https:\/\/www.clg-la-grange-du-bois-savigny-le-temple.fr\/index.php?rest_route=\/wp\/v2\/users\/21"}],"replies":[{"embeddable":true,"href":"https:\/\/www.clg-la-grange-du-bois-savigny-le-temple.fr\/index.php?rest_route=%2Fwp%2Fv2%2Fcomments&post=21479"}],"version-history":[{"count":1,"href":"https:\/\/www.clg-la-grange-du-bois-savigny-le-temple.fr\/index.php?rest_route=\/wp\/v2\/posts\/21479\/revisions"}],"predecessor-version":[{"id":21480,"href":"https:\/\/www.clg-la-grange-du-bois-savigny-le-temple.fr\/index.php?rest_route=\/wp\/v2\/posts\/21479\/revisions\/21480"}],"wp:attachment":[{"href":"https:\/\/www.clg-la-grange-du-bois-savigny-le-temple.fr\/index.php?rest_route=%2Fwp%2Fv2%2Fmedia&parent=21479"}],"wp:term":[{"taxonomy":"category","embeddable":true,"href":"https:\/\/www.clg-la-grange-du-bois-savigny-le-temple.fr\/index.php?rest_route=%2Fwp%2Fv2%2Fcategories&post=21479"},{"taxonomy":"post_tag","embeddable":true,"href":"https:\/\/www.clg-la-grange-du-bois-savigny-le-temple.fr\/index.php?rest_route=%2Fwp%2Fv2%2Ftags&post=21479"}],"curies":[{"name":"wp","href":"https:\/\/api.w.org\/{rel}","templated":true}]}}