{"id":21519,"date":"2022-01-13T11:47:59","date_gmt":"2022-01-13T10:47:59","guid":{"rendered":"https:\/\/www.clg-la-grange-du-bois-savigny-le-temple.fr\/?p=21519"},"modified":"2025-07-03T13:38:57","modified_gmt":"2025-07-03T11:38:57","slug":"nouveau-protocole-sanitaire-mis-en-place-par-le-gouvernement-et-qui-entre-en-vigueur-le-vendredi-14-janvier-2022","status":"publish","type":"post","link":"https:\/\/www.clg-la-grange-du-bois-savigny-le-temple.fr\/?p=21519","title":{"rendered":"Nouveau protocole sanitaire mis en place par le gouvernement et qui entre en vigueur le vendredi 14 janvier 2022"},"content":{"rendered":"\n<p><\/p>\n\n\n\n<p>Que faire si un enfant est positif au coronavirus ou s&#8217;il est cas contact d&#8217;un \u00e9l\u00e8ve positif dans sa classe&nbsp;?<\/p>\n\n\n\n<ul><li>Lorsqu&#8217;un cas de Covid est d\u00e9clar\u00e9 dans une classe, les parents peuvent attendre la fin de la journ\u00e9e pour aller chercher les enfants cas contact et faire un autotest.<\/li><li>Le test PCR n&#8217;est plus exig\u00e9 en cas de cas contact.<\/li><li> Il n&#8217;est&nbsp;plus n\u00e9cessaire de fournir une attestation apr\u00e8s chaque test. <strong>Une seule attestation sur l&#8217;honneur suffit, \u00e0 partir du premier autotest Covid, pour un retour en classe.<\/strong><\/li><li>Lorsqu&#8217;un&nbsp;enfant est positif avec une vaccination compl\u00e8te : isolement de 5 jours<\/li><li>Lorsqu&#8217;un enfant est positif sans vaccination ou avec une vaccination incompl\u00e8te : isolement de 7&nbsp;jours, si le test effectu\u00e9 le 7e jour est n\u00e9gatif et en l&#8217;absence de sympt\u00f4mes depuis 48h,l\u2019enfant revient avec l\u2019attestation sur l\u2019honneur des parents, sinon obligation d\u2019attendre trois jours de plus (soit un total 10 de jours d\u2019\u00e9viction)<\/li><li>Lorsqu&#8217;un enfant est cas contact avec vaccination compl\u00e8te : pas d&#8217;isolement, autotest \u00e0 J-0 et \u00e0 J+2 et J+4.<\/li><li>Lorsqu&#8217;un enfant est cas contact sans vaccination ou avec vaccination incompl\u00e8te&nbsp;: isolement de 7 jours, autotest \u00e0 l&#8217;issue de l&#8217;isolement.<\/li><li>Si un nouveau cas positif est identifi\u00e9 dans une classe dans un d\u00e9lai inf\u00e9rieur \u00e0 7&nbsp;jours, les \u00e9l\u00e8ves n&#8217;ont plus \u00e0 r\u00e9p\u00e9ter le parcours des 3&nbsp;tests en 5&nbsp;jours.<\/li><li><strong>Les classes ne ferment plus quand un ou plusieurs cas de Covid&nbsp;sont d\u00e9clar\u00e9s dans une classe.<\/strong><\/li><li>Les autotests sont fournis gratuitement \u00e0 la demande des parents par les pharmacies.<\/li><\/ul>\n\n\n\n<p>Ci-joint document fourni par le minist\u00e8re de l\u2019Education Nationale <\/p>\n\n\n\n<div class=\"wp-block-file\"><a href=\"https:\/\/www.clg-la-grange-du-bois-savigny-le-temple.fr\/wp-content\/uploads\/2022\/01\/Attestation-sur-lhonneur-tests-negatifs.doc\">Attestation-sur-l&#8217;honneur-tests-negatifs<\/a><a href=\"https:\/\/www.clg-la-grange-du-bois-savigny-le-temple.fr\/wp-content\/uploads\/2022\/01\/Attestation-sur-lhonneur-tests-negatifs.doc\" class=\"wp-block-file__button\" download>T\u00e9l\u00e9charger<\/a><\/div>\n","protected":false},"excerpt":{"rendered":"<p>Que faire si un enfant est positif au coronavirus ou s&#8217;il est cas contact d&#8217;un \u00e9l\u00e8ve positif dans sa classe&nbsp;? Lorsqu&#8217;un cas de Covid est [&#8230;]<\/p>\n","protected":false},"author":21,"featured_media":0,"comment_status":"closed","ping_status":"closed","sticky":false,"template":"","format":"standard","meta":{"footnotes":""},"categories":[5],"tags":[],"_links":{"self":[{"href":"https:\/\/www.clg-la-grange-du-bois-savigny-le-temple.fr\/index.php?rest_route=\/wp\/v2\/posts\/21519"}],"collection":[{"href":"https:\/\/www.clg-la-grange-du-bois-savigny-le-temple.fr\/index.php?rest_route=\/wp\/v2\/posts"}],"about":[{"href":"https:\/\/www.clg-la-grange-du-bois-savigny-le-temple.fr\/index.php?rest_route=\/wp\/v2\/types\/post"}],"author":[{"embeddable":true,"href":"https:\/\/www.clg-la-grange-du-bois-savigny-le-temple.fr\/index.php?rest_route=\/wp\/v2\/users\/21"}],"replies":[{"embeddable":true,"href":"https:\/\/www.clg-la-grange-du-bois-savigny-le-temple.fr\/index.php?rest_route=%2Fwp%2Fv2%2Fcomments&post=21519"}],"version-history":[{"count":2,"href":"https:\/\/www.clg-la-grange-du-bois-savigny-le-temple.fr\/index.php?rest_route=\/wp\/v2\/posts\/21519\/revisions"}],"predecessor-version":[{"id":21523,"href":"https:\/\/www.clg-la-grange-du-bois-savigny-le-temple.fr\/index.php?rest_route=\/wp\/v2\/posts\/21519\/revisions\/21523"}],"wp:attachment":[{"href":"https:\/\/www.clg-la-grange-du-bois-savigny-le-temple.fr\/index.php?rest_route=%2Fwp%2Fv2%2Fmedia&parent=21519"}],"wp:term":[{"taxonomy":"category","embeddable":true,"href":"https:\/\/www.clg-la-grange-du-bois-savigny-le-temple.fr\/index.php?rest_route=%2Fwp%2Fv2%2Fcategories&post=21519"},{"taxonomy":"post_tag","embeddable":true,"href":"https:\/\/www.clg-la-grange-du-bois-savigny-le-temple.fr\/index.php?rest_route=%2Fwp%2Fv2%2Ftags&post=21519"}],"curies":[{"name":"wp","href":"https:\/\/api.w.org\/{rel}","templated":true}]}}