{"id":22096,"date":"2022-06-23T18:34:00","date_gmt":"2022-06-23T16:34:00","guid":{"rendered":"https:\/\/www.clg-la-grange-du-bois-savigny-le-temple.fr\/?p=22096"},"modified":"2025-07-03T13:38:57","modified_gmt":"2025-07-03T11:38:57","slug":"au-college-on-recycle","status":"publish","type":"post","link":"https:\/\/www.clg-la-grange-du-bois-savigny-le-temple.fr\/?p=22096","title":{"rendered":"Au coll\u00e8ge, on recycle !"},"content":{"rendered":"\n<p class=\"has-text-align-left\">A l&#8217;initiative des \u00e9co-d\u00e9l\u00e9gu\u00e9.e.s, des bo\u00eetes sont install\u00e9es dans de nombreuses salles du coll\u00e8ge pour collecter le mat\u00e9riel d&#8217;\u00e9criture usag\u00e9 (stylos, surligneurs, etc).<\/p>\n\n\n\n<p class=\"has-text-align-left\"><br>Votre mat\u00e9riel usag\u00e9 est alors recycl\u00e9 et tout cela au profit de la recherche sur les Neurofibromatoses. <\/p>\n\n\n\n<p>Ne jeter plus vos stylos, vos surligneurs et autres \u00e0 la poubelle et mettez-les dans les bo\u00eetes de collecte !<\/p>\n\n\n\n<p><\/p>\n\n\n\n<figure class=\"wp-block-gallery columns-1 is-cropped wp-block-gallery-1 is-layout-flex wp-block-gallery-is-layout-flex\"><ul class=\"blocks-gallery-grid\"><li class=\"blocks-gallery-item\"><figure><a href=\"https:\/\/www.clg-la-grange-du-bois-savigny-le-temple.fr\/wp-content\/uploads\/2022\/06\/collecte-stylo.png\" rel=\"lightbox[22096]\"><img decoding=\"async\" loading=\"lazy\" width=\"381\" height=\"547\" src=\"https:\/\/www.clg-la-grange-du-bois-savigny-le-temple.fr\/wp-content\/uploads\/2022\/06\/collecte-stylo.png\" alt=\"\" data-id=\"22121\" data-full-url=\"https:\/\/www.clg-la-grange-du-bois-savigny-le-temple.fr\/wp-content\/uploads\/2022\/06\/collecte-stylo.png\" data-link=\"https:\/\/www.clg-la-grange-du-bois-savigny-le-temple.fr\/?attachment_id=22121\" class=\"wp-image-22121\" srcset=\"https:\/\/www.clg-la-grange-du-bois-savigny-le-temple.fr\/wp-content\/uploads\/2022\/06\/collecte-stylo.png 381w, https:\/\/www.clg-la-grange-du-bois-savigny-le-temple.fr\/wp-content\/uploads\/2022\/06\/collecte-stylo-209x300.png 209w\" sizes=\"(max-width: 381px) 100vw, 381px\" \/><\/a><\/figure><\/li><\/ul><\/figure>\n","protected":false},"excerpt":{"rendered":"<p>A l&#8217;initiative des \u00e9co-d\u00e9l\u00e9gu\u00e9.e.s, des bo\u00eetes sont install\u00e9es dans de nombreuses salles du coll\u00e8ge pour collecter le mat\u00e9riel d&#8217;\u00e9criture usag\u00e9 (stylos, surligneurs, etc). Votre mat\u00e9riel [&#8230;]<\/p>\n","protected":false},"author":367,"featured_media":0,"comment_status":"closed","ping_status":"closed","sticky":false,"template":"","format":"standard","meta":{"footnotes":""},"categories":[42,5,64,1],"tags":[],"_links":{"self":[{"href":"https:\/\/www.clg-la-grange-du-bois-savigny-le-temple.fr\/index.php?rest_route=\/wp\/v2\/posts\/22096"}],"collection":[{"href":"https:\/\/www.clg-la-grange-du-bois-savigny-le-temple.fr\/index.php?rest_route=\/wp\/v2\/posts"}],"about":[{"href":"https:\/\/www.clg-la-grange-du-bois-savigny-le-temple.fr\/index.php?rest_route=\/wp\/v2\/types\/post"}],"author":[{"embeddable":true,"href":"https:\/\/www.clg-la-grange-du-bois-savigny-le-temple.fr\/index.php?rest_route=\/wp\/v2\/users\/367"}],"replies":[{"embeddable":true,"href":"https:\/\/www.clg-la-grange-du-bois-savigny-le-temple.fr\/index.php?rest_route=%2Fwp%2Fv2%2Fcomments&post=22096"}],"version-history":[{"count":4,"href":"https:\/\/www.clg-la-grange-du-bois-savigny-le-temple.fr\/index.php?rest_route=\/wp\/v2\/posts\/22096\/revisions"}],"predecessor-version":[{"id":22194,"href":"https:\/\/www.clg-la-grange-du-bois-savigny-le-temple.fr\/index.php?rest_route=\/wp\/v2\/posts\/22096\/revisions\/22194"}],"wp:attachment":[{"href":"https:\/\/www.clg-la-grange-du-bois-savigny-le-temple.fr\/index.php?rest_route=%2Fwp%2Fv2%2Fmedia&parent=22096"}],"wp:term":[{"taxonomy":"category","embeddable":true,"href":"https:\/\/www.clg-la-grange-du-bois-savigny-le-temple.fr\/index.php?rest_route=%2Fwp%2Fv2%2Fcategories&post=22096"},{"taxonomy":"post_tag","embeddable":true,"href":"https:\/\/www.clg-la-grange-du-bois-savigny-le-temple.fr\/index.php?rest_route=%2Fwp%2Fv2%2Ftags&post=22096"}],"curies":[{"name":"wp","href":"https:\/\/api.w.org\/{rel}","templated":true}]}}