{"id":22110,"date":"2022-06-21T14:16:12","date_gmt":"2022-06-21T12:16:12","guid":{"rendered":"https:\/\/www.clg-la-grange-du-bois-savigny-le-temple.fr\/?p=22110"},"modified":"2025-07-03T13:38:57","modified_gmt":"2025-07-03T11:38:57","slug":"rentree-2022-2023-planning","status":"publish","type":"post","link":"https:\/\/www.clg-la-grange-du-bois-savigny-le-temple.fr\/?p=22110","title":{"rendered":"Rentr\u00e9e 2022\/2023 &#8211; Planning"},"content":{"rendered":"\n<div class=\"wp-block-image is-style-default\"><figure class=\"aligncenter size-full is-resized\"><a href=\"https:\/\/www.clg-la-grange-du-bois-savigny-le-temple.fr\/wp-content\/uploads\/2022\/06\/Rentree-1021x580-1.jpg\" rel=\"lightbox[22110]\"><img decoding=\"async\" loading=\"lazy\" src=\"https:\/\/www.clg-la-grange-du-bois-savigny-le-temple.fr\/wp-content\/uploads\/2022\/06\/Rentree-1021x580-1.jpg\" alt=\"\" class=\"wp-image-22112\" width=\"511\" height=\"290\" srcset=\"https:\/\/www.clg-la-grange-du-bois-savigny-le-temple.fr\/wp-content\/uploads\/2022\/06\/Rentree-1021x580-1.jpg 1021w, https:\/\/www.clg-la-grange-du-bois-savigny-le-temple.fr\/wp-content\/uploads\/2022\/06\/Rentree-1021x580-1-300x170.jpg 300w, https:\/\/www.clg-la-grange-du-bois-savigny-le-temple.fr\/wp-content\/uploads\/2022\/06\/Rentree-1021x580-1-768x436.jpg 768w, https:\/\/www.clg-la-grange-du-bois-savigny-le-temple.fr\/wp-content\/uploads\/2022\/06\/Rentree-1021x580-1-900x511.jpg 900w\" sizes=\"(max-width: 511px) 100vw, 511px\" \/><\/a><\/figure><\/div>\n\n\n\n<p>Vous trouverez ci-dessous le planning de la rentr\u00e9e de septembre 2022 .<\/p>\n\n\n\n<figure class=\"wp-block-table\"><table><tbody><tr><td class=\"has-text-align-center\" data-align=\"center\"><\/td><td class=\"has-text-align-center\" data-align=\"center\"><br><em><u><strong>CLASSES DE 6\u00c8ME<\/strong><\/u><\/em><br><em><strong>Jeudi 01 septembre 2022<\/strong><\/em><br><\/td><\/tr><\/tbody><\/table><\/figure>\n\n\n\n<figure class=\"wp-block-table\"><table><tbody><tr><td><strong>8h30<\/strong><\/td><td><br>Accueil obligatoire des \u00e9l\u00e8ves de 6<sup>\u00e8me<\/sup> avec leurs r\u00e9f\u00e9rents qui leur seront pr\u00e9sent\u00e9s autour d\u2019un petit d\u00e9jeuner.<br><\/td><\/tr><tr><td><br><br><strong>9H15-11h00<\/strong><br><\/td><td><br>Accueil des familles dans le hall par l\u2019\u00e9quipe de direction et d\u2019autres personnels\u00a0: informations diverses.<\/td><\/tr><tr><td><br><br><strong>9h00-12h00<\/strong><br><\/td><td><br>Prise en charge des \u00e9l\u00e8ves de 6\u00e8me et de 3<sup>\u00e8me<\/sup> dans les rangs par le professeur principal de la classe dans la cour&nbsp;: trousse, agenda, quelques feuilles pour le 1<sup>er<\/sup> jour, sac pour manuels scolaires.<\/td><\/tr><tr><td><br><strong>12h00- 13h00<\/strong><br><br><\/td><td>Repas pris au coll\u00e8ge par tous les \u00e9l\u00e8ves de 6<sup><sup>\u00e8me<\/sup> <\/sup>et leurs r\u00e9f\u00e9rents (sauf avis contraire de la famille)<br><\/td><\/tr><tr><td><br><strong>13h00-15h00<\/strong><br><br><\/td><td><br>Prise en charge des \u00e9l\u00e8ves par les r\u00e9f\u00e9rents&nbsp;: de 13h \u00e0 13h30 et chasse aux tr\u00e9sors de 13h30 \u00e0 14h.<br> Prise en charge de 14h \u00e0 15h par le professeur principal de la classe.<br><\/td><\/tr><\/tbody><\/table><\/figure>\n\n\n\n<figure class=\"wp-block-table\"><table><tbody><tr><td class=\"has-text-align-center\" data-align=\"center\"><br><strong>Pas cours vendredi 02 septembre&nbsp;2022 pour les 6<sup>\u00e8me<\/sup>  et les 3<sup>\u00e8me<\/sup> <br>(Accueil des classes de 4e  de 9h \u00e0 11h et 5e  de 10h \u00e0 12h)<\/strong><br><br><strong>Emploi du temps normal \u00e0 partir du <span style=\"text-decoration: underline;\">lundi 05 septembre 2022<\/span><\/strong><br><\/td><\/tr><tr><td class=\"has-text-align-center\" data-align=\"center\"><br><\/td><\/tr><\/tbody><\/table><\/figure>\n\n\n\n<p><\/p>\n\n\n\n<p><\/p>\n","protected":false},"excerpt":{"rendered":"<p>Vous trouverez ci-dessous le planning de la rentr\u00e9e de septembre 2022 . CLASSES DE 6\u00c8MEJeudi 01 septembre 2022 8h30 Accueil obligatoire des \u00e9l\u00e8ves de 6\u00e8me [&#8230;]<\/p>\n","protected":false},"author":1,"featured_media":0,"comment_status":"closed","ping_status":"closed","sticky":false,"template":"","format":"standard","meta":{"footnotes":""},"categories":[5,43],"tags":[67,66,65],"_links":{"self":[{"href":"https:\/\/www.clg-la-grange-du-bois-savigny-le-temple.fr\/index.php?rest_route=\/wp\/v2\/posts\/22110"}],"collection":[{"href":"https:\/\/www.clg-la-grange-du-bois-savigny-le-temple.fr\/index.php?rest_route=\/wp\/v2\/posts"}],"about":[{"href":"https:\/\/www.clg-la-grange-du-bois-savigny-le-temple.fr\/index.php?rest_route=\/wp\/v2\/types\/post"}],"author":[{"embeddable":true,"href":"https:\/\/www.clg-la-grange-du-bois-savigny-le-temple.fr\/index.php?rest_route=\/wp\/v2\/users\/1"}],"replies":[{"embeddable":true,"href":"https:\/\/www.clg-la-grange-du-bois-savigny-le-temple.fr\/index.php?rest_route=%2Fwp%2Fv2%2Fcomments&post=22110"}],"version-history":[{"count":9,"href":"https:\/\/www.clg-la-grange-du-bois-savigny-le-temple.fr\/index.php?rest_route=\/wp\/v2\/posts\/22110\/revisions"}],"predecessor-version":[{"id":22124,"href":"https:\/\/www.clg-la-grange-du-bois-savigny-le-temple.fr\/index.php?rest_route=\/wp\/v2\/posts\/22110\/revisions\/22124"}],"wp:attachment":[{"href":"https:\/\/www.clg-la-grange-du-bois-savigny-le-temple.fr\/index.php?rest_route=%2Fwp%2Fv2%2Fmedia&parent=22110"}],"wp:term":[{"taxonomy":"category","embeddable":true,"href":"https:\/\/www.clg-la-grange-du-bois-savigny-le-temple.fr\/index.php?rest_route=%2Fwp%2Fv2%2Fcategories&post=22110"},{"taxonomy":"post_tag","embeddable":true,"href":"https:\/\/www.clg-la-grange-du-bois-savigny-le-temple.fr\/index.php?rest_route=%2Fwp%2Fv2%2Ftags&post=22110"}],"curies":[{"name":"wp","href":"https:\/\/api.w.org\/{rel}","templated":true}]}}