{"id":22137,"date":"2023-06-28T12:03:54","date_gmt":"2023-06-28T10:03:54","guid":{"rendered":"https:\/\/www.clg-la-grange-du-bois-savigny-le-temple.fr\/?p=22137"},"modified":"2025-07-03T13:38:57","modified_gmt":"2025-07-03T11:38:57","slug":"les-eleves-sengagent-pour-la-biodiversite","status":"publish","type":"post","link":"https:\/\/www.clg-la-grange-du-bois-savigny-le-temple.fr\/?p=22137","title":{"rendered":"Les \u00e9l\u00e8ves s&#8217;engagent pour la biodiversit\u00e9 !"},"content":{"rendered":"\n<p>Face aux menaces qui p\u00e8sent sur la biodiversit\u00e9, les \u00e9co-d\u00e9l\u00e9gu\u00e9s, les \u00e9l\u00e8ves \u00e9co-volontaires et les classes de 3e2 et 3e4 se sont engag\u00e9s pour la pr\u00e9server au coll\u00e8ge.<\/p>\n\n\n\n<p><strong>Quelques actions en images :<\/strong><\/p>\n\n\n\n<p>-Mise en place de zones refuges pour les insectes et les oiseaux<\/p>\n\n\n\n<figure class=\"wp-block-gallery has-nested-images columns-default is-cropped wp-block-gallery-1 is-layout-flex wp-block-gallery-is-layout-flex\">\n<figure class=\"wp-block-image size-large\"><a href=\"https:\/\/www.clg-la-grange-du-bois-savigny-le-temple.fr\/wp-content\/uploads\/2023\/06\/Zone-de-fauchage-tardif-1-.32-scaled.jpg\" rel=\"lightbox[22137]\"><img decoding=\"async\" loading=\"lazy\" width=\"1024\" height=\"768\" data-id=\"22270\" src=\"https:\/\/www.clg-la-grange-du-bois-savigny-le-temple.fr\/wp-content\/uploads\/2023\/06\/Zone-de-fauchage-tardif-1-.32-1024x768.jpg\" alt=\"\" class=\"wp-image-22270\" srcset=\"https:\/\/www.clg-la-grange-du-bois-savigny-le-temple.fr\/wp-content\/uploads\/2023\/06\/Zone-de-fauchage-tardif-1-.32-1024x768.jpg 1024w, https:\/\/www.clg-la-grange-du-bois-savigny-le-temple.fr\/wp-content\/uploads\/2023\/06\/Zone-de-fauchage-tardif-1-.32-300x225.jpg 300w, https:\/\/www.clg-la-grange-du-bois-savigny-le-temple.fr\/wp-content\/uploads\/2023\/06\/Zone-de-fauchage-tardif-1-.32-768x576.jpg 768w, https:\/\/www.clg-la-grange-du-bois-savigny-le-temple.fr\/wp-content\/uploads\/2023\/06\/Zone-de-fauchage-tardif-1-.32-1536x1152.jpg 1536w, https:\/\/www.clg-la-grange-du-bois-savigny-le-temple.fr\/wp-content\/uploads\/2023\/06\/Zone-de-fauchage-tardif-1-.32-2048x1536.jpg 2048w, https:\/\/www.clg-la-grange-du-bois-savigny-le-temple.fr\/wp-content\/uploads\/2023\/06\/Zone-de-fauchage-tardif-1-.32-900x675.jpg 900w, https:\/\/www.clg-la-grange-du-bois-savigny-le-temple.fr\/wp-content\/uploads\/2023\/06\/Zone-de-fauchage-tardif-1-.32-1280x960.jpg 1280w\" sizes=\"(max-width: 1024px) 100vw, 1024px\" \/><\/a><figcaption class=\"wp-element-caption\"><strong>Zone de fauchage tardif<\/strong><\/figcaption><\/figure>\n\n\n\n<figure class=\"wp-block-image size-large\"><a href=\"https:\/\/www.clg-la-grange-du-bois-savigny-le-temple.fr\/wp-content\/uploads\/2023\/06\/Zone-de-fauchage-tardif-2-scaled.jpg\" rel=\"lightbox[22137]\"><img decoding=\"async\" loading=\"lazy\" width=\"768\" height=\"1024\" data-id=\"22269\" src=\"https:\/\/www.clg-la-grange-du-bois-savigny-le-temple.fr\/wp-content\/uploads\/2023\/06\/Zone-de-fauchage-tardif-2-768x1024.jpg\" alt=\"\" class=\"wp-image-22269\" srcset=\"https:\/\/www.clg-la-grange-du-bois-savigny-le-temple.fr\/wp-content\/uploads\/2023\/06\/Zone-de-fauchage-tardif-2-768x1024.jpg 768w, https:\/\/www.clg-la-grange-du-bois-savigny-le-temple.fr\/wp-content\/uploads\/2023\/06\/Zone-de-fauchage-tardif-2-225x300.jpg 225w, https:\/\/www.clg-la-grange-du-bois-savigny-le-temple.fr\/wp-content\/uploads\/2023\/06\/Zone-de-fauchage-tardif-2-1152x1536.jpg 1152w, https:\/\/www.clg-la-grange-du-bois-savigny-le-temple.fr\/wp-content\/uploads\/2023\/06\/Zone-de-fauchage-tardif-2-1536x2048.jpg 1536w, https:\/\/www.clg-la-grange-du-bois-savigny-le-temple.fr\/wp-content\/uploads\/2023\/06\/Zone-de-fauchage-tardif-2-900x1200.jpg 900w, https:\/\/www.clg-la-grange-du-bois-savigny-le-temple.fr\/wp-content\/uploads\/2023\/06\/Zone-de-fauchage-tardif-2-1280x1707.jpg 1280w, https:\/\/www.clg-la-grange-du-bois-savigny-le-temple.fr\/wp-content\/uploads\/2023\/06\/Zone-de-fauchage-tardif-2-scaled.jpg 1920w\" sizes=\"(max-width: 768px) 100vw, 768px\" \/><\/a><figcaption class=\"wp-element-caption\"><strong>Zone de fauchage tardif<\/strong><\/figcaption><\/figure>\n\n\n\n<figure class=\"wp-block-image size-large\"><a href=\"https:\/\/www.clg-la-grange-du-bois-savigny-le-temple.fr\/wp-content\/uploads\/2023\/06\/IMG_20230321_1421521-scaled.jpg\" rel=\"lightbox[22137]\"><img decoding=\"async\" loading=\"lazy\" width=\"768\" height=\"1024\" data-id=\"22268\" src=\"https:\/\/www.clg-la-grange-du-bois-savigny-le-temple.fr\/wp-content\/uploads\/2023\/06\/IMG_20230321_1421521-768x1024.jpg\" alt=\"\" class=\"wp-image-22268\" srcset=\"https:\/\/www.clg-la-grange-du-bois-savigny-le-temple.fr\/wp-content\/uploads\/2023\/06\/IMG_20230321_1421521-768x1024.jpg 768w, https:\/\/www.clg-la-grange-du-bois-savigny-le-temple.fr\/wp-content\/uploads\/2023\/06\/IMG_20230321_1421521-225x300.jpg 225w, https:\/\/www.clg-la-grange-du-bois-savigny-le-temple.fr\/wp-content\/uploads\/2023\/06\/IMG_20230321_1421521-1152x1536.jpg 1152w, https:\/\/www.clg-la-grange-du-bois-savigny-le-temple.fr\/wp-content\/uploads\/2023\/06\/IMG_20230321_1421521-1536x2048.jpg 1536w, https:\/\/www.clg-la-grange-du-bois-savigny-le-temple.fr\/wp-content\/uploads\/2023\/06\/IMG_20230321_1421521-900x1200.jpg 900w, https:\/\/www.clg-la-grange-du-bois-savigny-le-temple.fr\/wp-content\/uploads\/2023\/06\/IMG_20230321_1421521-1280x1707.jpg 1280w, https:\/\/www.clg-la-grange-du-bois-savigny-le-temple.fr\/wp-content\/uploads\/2023\/06\/IMG_20230321_1421521-scaled.jpg 1920w\" sizes=\"(max-width: 768px) 100vw, 768px\" \/><\/a><figcaption class=\"wp-element-caption\"><strong>Nichoir<\/strong><\/figcaption><\/figure>\n<\/figure>\n\n\n\n<figure class=\"wp-block-image aligncenter size-large is-resized\"><a href=\"https:\/\/www.clg-la-grange-du-bois-savigny-le-temple.fr\/wp-content\/uploads\/2023\/06\/College-La-Grange-du-Bois1.png\" rel=\"lightbox[22137]\"><img decoding=\"async\" loading=\"lazy\" src=\"https:\/\/www.clg-la-grange-du-bois-savigny-le-temple.fr\/wp-content\/uploads\/2023\/06\/College-La-Grange-du-Bois1-724x1024.png\" alt=\"\" class=\"wp-image-22298\" width=\"389\" height=\"549\" srcset=\"https:\/\/www.clg-la-grange-du-bois-savigny-le-temple.fr\/wp-content\/uploads\/2023\/06\/College-La-Grange-du-Bois1-724x1024.png 724w, https:\/\/www.clg-la-grange-du-bois-savigny-le-temple.fr\/wp-content\/uploads\/2023\/06\/College-La-Grange-du-Bois1-212x300.png 212w, https:\/\/www.clg-la-grange-du-bois-savigny-le-temple.fr\/wp-content\/uploads\/2023\/06\/College-La-Grange-du-Bois1-768x1086.png 768w, https:\/\/www.clg-la-grange-du-bois-savigny-le-temple.fr\/wp-content\/uploads\/2023\/06\/College-La-Grange-du-Bois1-1086x1536.png 1086w, https:\/\/www.clg-la-grange-du-bois-savigny-le-temple.fr\/wp-content\/uploads\/2023\/06\/College-La-Grange-du-Bois1-1448x2048.png 1448w, https:\/\/www.clg-la-grange-du-bois-savigny-le-temple.fr\/wp-content\/uploads\/2023\/06\/College-La-Grange-du-Bois1-900x1273.png 900w, https:\/\/www.clg-la-grange-du-bois-savigny-le-temple.fr\/wp-content\/uploads\/2023\/06\/College-La-Grange-du-Bois1-1280x1811.png 1280w, https:\/\/www.clg-la-grange-du-bois-savigny-le-temple.fr\/wp-content\/uploads\/2023\/06\/College-La-Grange-du-Bois1.png 1587w\" sizes=\"(max-width: 389px) 100vw, 389px\" \/><\/a><\/figure>\n\n\n\n<p>-Rev\u00e9g\u00e9talisation et jach\u00e8re fleurie<strong> <\/strong><\/p>\n\n\n\n<figure class=\"wp-block-gallery has-nested-images columns-default is-cropped wp-block-gallery-3 is-layout-flex wp-block-gallery-is-layout-flex\">\n<figure class=\"wp-block-image size-large\"><a href=\"https:\/\/www.clg-la-grange-du-bois-savigny-le-temple.fr\/wp-content\/uploads\/2023\/06\/Resized_20230420_0730111-2.jpg\" rel=\"lightbox[22137]\"><img decoding=\"async\" loading=\"lazy\" width=\"484\" height=\"773\" data-id=\"22287\" src=\"https:\/\/www.clg-la-grange-du-bois-savigny-le-temple.fr\/wp-content\/uploads\/2023\/06\/Resized_20230420_0730111-2.jpg\" alt=\"\" class=\"wp-image-22287\" srcset=\"https:\/\/www.clg-la-grange-du-bois-savigny-le-temple.fr\/wp-content\/uploads\/2023\/06\/Resized_20230420_0730111-2.jpg 484w, https:\/\/www.clg-la-grange-du-bois-savigny-le-temple.fr\/wp-content\/uploads\/2023\/06\/Resized_20230420_0730111-2-188x300.jpg 188w\" sizes=\"(max-width: 484px) 100vw, 484px\" \/><\/a><figcaption class=\"wp-element-caption\"><strong>Zone rev\u00e9g\u00e9talis\u00e9e<\/strong><\/figcaption><\/figure>\n\n\n\n<figure class=\"wp-block-image size-large\"><a href=\"https:\/\/www.clg-la-grange-du-bois-savigny-le-temple.fr\/wp-content\/uploads\/2023\/06\/Resized_20230623_0730491-1.jpg\" rel=\"lightbox[22137]\"><img decoding=\"async\" loading=\"lazy\" width=\"1001\" height=\"477\" data-id=\"22288\" src=\"https:\/\/www.clg-la-grange-du-bois-savigny-le-temple.fr\/wp-content\/uploads\/2023\/06\/Resized_20230623_0730491-1.jpg\" alt=\"\" class=\"wp-image-22288\" srcset=\"https:\/\/www.clg-la-grange-du-bois-savigny-le-temple.fr\/wp-content\/uploads\/2023\/06\/Resized_20230623_0730491-1.jpg 1001w, https:\/\/www.clg-la-grange-du-bois-savigny-le-temple.fr\/wp-content\/uploads\/2023\/06\/Resized_20230623_0730491-1-300x143.jpg 300w, https:\/\/www.clg-la-grange-du-bois-savigny-le-temple.fr\/wp-content\/uploads\/2023\/06\/Resized_20230623_0730491-1-768x366.jpg 768w, https:\/\/www.clg-la-grange-du-bois-savigny-le-temple.fr\/wp-content\/uploads\/2023\/06\/Resized_20230623_0730491-1-900x429.jpg 900w\" sizes=\"(max-width: 1001px) 100vw, 1001px\" \/><\/a><figcaption class=\"wp-element-caption\"><strong>Fleures en \u00e9closion<\/strong><\/figcaption><\/figure>\n<\/figure>\n\n\n\n<p><strong>Bravo pour leur engagement !<\/strong><\/p>\n","protected":false},"excerpt":{"rendered":"<p>Face aux menaces qui p\u00e8sent sur la biodiversit\u00e9, les \u00e9co-d\u00e9l\u00e9gu\u00e9s, les \u00e9l\u00e8ves \u00e9co-volontaires et les classes de 3e2 et 3e4 se sont engag\u00e9s pour la [&#8230;]<\/p>\n","protected":false},"author":367,"featured_media":0,"comment_status":"closed","ping_status":"closed","sticky":false,"template":"","format":"standard","meta":{"footnotes":""},"categories":[5,64,27,77],"tags":[71,70,72],"_links":{"self":[{"href":"https:\/\/www.clg-la-grange-du-bois-savigny-le-temple.fr\/index.php?rest_route=\/wp\/v2\/posts\/22137"}],"collection":[{"href":"https:\/\/www.clg-la-grange-du-bois-savigny-le-temple.fr\/index.php?rest_route=\/wp\/v2\/posts"}],"about":[{"href":"https:\/\/www.clg-la-grange-du-bois-savigny-le-temple.fr\/index.php?rest_route=\/wp\/v2\/types\/post"}],"author":[{"embeddable":true,"href":"https:\/\/www.clg-la-grange-du-bois-savigny-le-temple.fr\/index.php?rest_route=\/wp\/v2\/users\/367"}],"replies":[{"embeddable":true,"href":"https:\/\/www.clg-la-grange-du-bois-savigny-le-temple.fr\/index.php?rest_route=%2Fwp%2Fv2%2Fcomments&post=22137"}],"version-history":[{"count":5,"href":"https:\/\/www.clg-la-grange-du-bois-savigny-le-temple.fr\/index.php?rest_route=\/wp\/v2\/posts\/22137\/revisions"}],"predecessor-version":[{"id":22301,"href":"https:\/\/www.clg-la-grange-du-bois-savigny-le-temple.fr\/index.php?rest_route=\/wp\/v2\/posts\/22137\/revisions\/22301"}],"wp:attachment":[{"href":"https:\/\/www.clg-la-grange-du-bois-savigny-le-temple.fr\/index.php?rest_route=%2Fwp%2Fv2%2Fmedia&parent=22137"}],"wp:term":[{"taxonomy":"category","embeddable":true,"href":"https:\/\/www.clg-la-grange-du-bois-savigny-le-temple.fr\/index.php?rest_route=%2Fwp%2Fv2%2Fcategories&post=22137"},{"taxonomy":"post_tag","embeddable":true,"href":"https:\/\/www.clg-la-grange-du-bois-savigny-le-temple.fr\/index.php?rest_route=%2Fwp%2Fv2%2Ftags&post=22137"}],"curies":[{"name":"wp","href":"https:\/\/api.w.org\/{rel}","templated":true}]}}