{"id":22186,"date":"2022-09-22T16:52:10","date_gmt":"2022-09-22T14:52:10","guid":{"rendered":"https:\/\/www.clg-la-grange-du-bois-savigny-le-temple.fr\/?p=22186"},"modified":"2025-07-03T13:38:57","modified_gmt":"2025-07-03T11:38:57","slug":"reunion-avec-les-professeurs-principaux-de-5eme-4eme-3eme-et-les-parents","status":"publish","type":"post","link":"https:\/\/www.clg-la-grange-du-bois-savigny-le-temple.fr\/?p=22186","title":{"rendered":"R\u00e9union avec les professeurs principaux de 5\u00e8me, 4\u00e8me, 3\u00e8me et les parents"},"content":{"rendered":"\n<p>Bonjour \u00e0 tous,<\/p>\n\n\n\n<p>La r\u00e9union avec les professeurs principaux et les parents est report\u00e9e au :<\/p>\n\n\n\n<p><strong>JEUDI 6 OCTOBRE de 18h \u00e0 19h<\/strong>\u00a0en raison des gr\u00e8ves., selon le planning annonc\u00e9 pr\u00e9c\u00e9demment :<\/p>\n\n\n\n<p><strong>R\u00e9union avec les professeurs principaux de 5\u00e8me, 4\u00e8me, 3\u00e8me\u00a0<\/strong><\/p>\n\n\n\n<p>5\u00e8me 1\u00a0: Mme MANINI salle 203<\/p>\n\n\n\n<p>\u200b5\u00e8me2\u00a0: Mme DUBOIS salle 201<\/p>\n\n\n\n<p>5\u00e8me3\u00a0: M DA ENCARNACAO salle 205<\/p>\n\n\n\n<p>5\u00e8me4\u00a0: M OUILI salle 106<\/p>\n\n\n\n<p>5\u00e8me5\u00a0: M CAVACIUTI salle 105<\/p>\n\n\n\n<p>\u200b4\u00e8me1\u00a0: Mme FRANFORT salle 104<\/p>\n\n\n\n<p>4\u00e8me2\u00a0: Mme MOREAU salle 213<\/p>\n\n\n\n<p>4\u00e8me3\u00a0: Mme ROUBOT salle 204<\/p>\n\n\n\n<p>4\u00e8me4\u00a0: M LEBRUN salle 3<\/p>\n\n\n\n<p>4\u00e8me5\u00a0: Mme YESSAD salle 5<\/p>\n\n\n\n<p>4\u00e8me6\u00a0: M N\u2019ZOUTANI salle 103\u200b<\/p>\n\n\n\n<p>3\u00e8me1 Mme BENYACHOU salle 4<\/p>\n\n\n\n<p>3\u00e8me2\u00a0: Mme JURAD salle 101<\/p>\n\n\n\n<p>3\u00e8me3\u00a0: Mme THOMAS salle 102<\/p>\n\n\n\n<p>3\u00e8me4\u00a0: M HERR salle 108<\/p>\n\n\n\n<p>3\u00e8me5\u00a0: Mme BERTHET salle 1\u200b <\/p>\n\n\n\n<p>3\u00e8m\u200be6\u00a0: Mme CAMUS salle 207<\/p>\n\n\n\n<p><br>\u200b\u200bSALLES 1 \u00e0 5 au rez-de-chauss\u00e9e<br>SALLES 101 \u00e0 108 au 1<sup>er<\/sup>\u00a0\u00e9tage<br>SALLES 201 \u00e0 213 au 2<sup>\u00e8me<\/sup>\u00a0\u00e9tage<\/p>\n\n\n\n<p><\/p>\n\n\n\n<p><\/p>\n","protected":false},"excerpt":{"rendered":"<p>Bonjour \u00e0 tous, La r\u00e9union avec les professeurs principaux et les parents est report\u00e9e au : JEUDI 6 OCTOBRE de 18h \u00e0 19h\u00a0en raison des [&#8230;]<\/p>\n","protected":false},"author":21,"featured_media":0,"comment_status":"closed","ping_status":"closed","sticky":false,"template":"","format":"standard","meta":{"footnotes":""},"categories":[5],"tags":[65,68],"_links":{"self":[{"href":"https:\/\/www.clg-la-grange-du-bois-savigny-le-temple.fr\/index.php?rest_route=\/wp\/v2\/posts\/22186"}],"collection":[{"href":"https:\/\/www.clg-la-grange-du-bois-savigny-le-temple.fr\/index.php?rest_route=\/wp\/v2\/posts"}],"about":[{"href":"https:\/\/www.clg-la-grange-du-bois-savigny-le-temple.fr\/index.php?rest_route=\/wp\/v2\/types\/post"}],"author":[{"embeddable":true,"href":"https:\/\/www.clg-la-grange-du-bois-savigny-le-temple.fr\/index.php?rest_route=\/wp\/v2\/users\/21"}],"replies":[{"embeddable":true,"href":"https:\/\/www.clg-la-grange-du-bois-savigny-le-temple.fr\/index.php?rest_route=%2Fwp%2Fv2%2Fcomments&post=22186"}],"version-history":[{"count":1,"href":"https:\/\/www.clg-la-grange-du-bois-savigny-le-temple.fr\/index.php?rest_route=\/wp\/v2\/posts\/22186\/revisions"}],"predecessor-version":[{"id":22187,"href":"https:\/\/www.clg-la-grange-du-bois-savigny-le-temple.fr\/index.php?rest_route=\/wp\/v2\/posts\/22186\/revisions\/22187"}],"wp:attachment":[{"href":"https:\/\/www.clg-la-grange-du-bois-savigny-le-temple.fr\/index.php?rest_route=%2Fwp%2Fv2%2Fmedia&parent=22186"}],"wp:term":[{"taxonomy":"category","embeddable":true,"href":"https:\/\/www.clg-la-grange-du-bois-savigny-le-temple.fr\/index.php?rest_route=%2Fwp%2Fv2%2Fcategories&post=22186"},{"taxonomy":"post_tag","embeddable":true,"href":"https:\/\/www.clg-la-grange-du-bois-savigny-le-temple.fr\/index.php?rest_route=%2Fwp%2Fv2%2Ftags&post=22186"}],"curies":[{"name":"wp","href":"https:\/\/api.w.org\/{rel}","templated":true}]}}