{"id":22196,"date":"2022-10-07T11:37:09","date_gmt":"2022-10-07T09:37:09","guid":{"rendered":"https:\/\/www.clg-la-grange-du-bois-savigny-le-temple.fr\/?p=22196"},"modified":"2025-07-03T13:38:57","modified_gmt":"2025-07-03T11:38:57","slug":"remise-des-diplomes-du-dnb-et-du-cfg-session-2022","status":"publish","type":"post","link":"https:\/\/www.clg-la-grange-du-bois-savigny-le-temple.fr\/?p=22196","title":{"rendered":"REMISE DES DIPL\u00d4MES DU DNB ET DU CFG &#8211; session 2022"},"content":{"rendered":"\n<figure class=\"wp-block-image size-full\"><a href=\"https:\/\/www.clg-la-grange-du-bois-savigny-le-temple.fr\/wp-content\/uploads\/2022\/10\/image.jpg\" rel=\"lightbox[22196]\"><img decoding=\"async\" loading=\"lazy\" width=\"300\" height=\"194\" src=\"https:\/\/www.clg-la-grange-du-bois-savigny-le-temple.fr\/wp-content\/uploads\/2022\/10\/image.jpg\" alt=\"\" class=\"wp-image-22197\"\/><\/a><\/figure>\n\n\n\n<p>Le coll\u00e8ge la Grange du Bois vous invite \u00e0 venir retirer vos dipl\u00f4mes au coll\u00e8ge lors d\u2019une c\u00e9r\u00e9monie r\u00e9publicaine qui aura lieu<\/p>\n\n\n\n<p><strong>le jeudi 20 octobre 2022 \u00e0 17h30 pour les 3<\/strong><sup><strong>\u00e8me<\/strong><\/sup><strong>1, 3<\/strong><sup><strong>\u00e8me<\/strong><\/sup><strong>2, 3<\/strong><sup><strong>\u00e8me<\/strong><\/sup><strong>3 et 3<\/strong><sup><strong>\u00e8me<\/strong><\/sup><strong>4<\/strong><\/p>\n\n\n\n<p><strong>le jeudi 20 octobre 2022 \u00e0 18h30 pour les 3<\/strong><sup><strong>\u00e8me<\/strong><\/sup><strong>5, 3<\/strong><sup><strong>\u00e8me<\/strong><\/sup><strong>6 et 3<\/strong><sup><strong>\u00e8me<\/strong><\/sup><strong>7<\/strong><\/p>\n\n\n\n<p class=\"has-accent-color has-text-color has-small-font-size\"><em>Les \u00e9l\u00e8ves doivent imp\u00e9rativement se munir d\u2019une pi\u00e8ce d\u2019identit\u00e9 afin de pouvoir \u00e9marger.<\/em><\/p>\n\n\n\n<p class=\"has-accent-color has-text-color has-small-font-size\"><em>Les parents venant retirer le dipl\u00f4me de leur enfant, doivent se pr\u00e9senter avec leur pi\u00e8ce d\u2019identit\u00e9 et celle de leur enfant.<\/em><\/p>\n\n\n\n<p class=\"has-small-font-size\">Se munir de son stylo personnel pour l\u2019\u00e9margement.<\/p>\n","protected":false},"excerpt":{"rendered":"<p>Le coll\u00e8ge la Grange du Bois vous invite \u00e0 venir retirer vos dipl\u00f4mes au coll\u00e8ge lors d\u2019une c\u00e9r\u00e9monie r\u00e9publicaine qui aura lieu le jeudi 20 [&#8230;]<\/p>\n","protected":false},"author":21,"featured_media":0,"comment_status":"closed","ping_status":"closed","sticky":false,"template":"","format":"standard","meta":{"footnotes":""},"categories":[5],"tags":[],"_links":{"self":[{"href":"https:\/\/www.clg-la-grange-du-bois-savigny-le-temple.fr\/index.php?rest_route=\/wp\/v2\/posts\/22196"}],"collection":[{"href":"https:\/\/www.clg-la-grange-du-bois-savigny-le-temple.fr\/index.php?rest_route=\/wp\/v2\/posts"}],"about":[{"href":"https:\/\/www.clg-la-grange-du-bois-savigny-le-temple.fr\/index.php?rest_route=\/wp\/v2\/types\/post"}],"author":[{"embeddable":true,"href":"https:\/\/www.clg-la-grange-du-bois-savigny-le-temple.fr\/index.php?rest_route=\/wp\/v2\/users\/21"}],"replies":[{"embeddable":true,"href":"https:\/\/www.clg-la-grange-du-bois-savigny-le-temple.fr\/index.php?rest_route=%2Fwp%2Fv2%2Fcomments&post=22196"}],"version-history":[{"count":2,"href":"https:\/\/www.clg-la-grange-du-bois-savigny-le-temple.fr\/index.php?rest_route=\/wp\/v2\/posts\/22196\/revisions"}],"predecessor-version":[{"id":22199,"href":"https:\/\/www.clg-la-grange-du-bois-savigny-le-temple.fr\/index.php?rest_route=\/wp\/v2\/posts\/22196\/revisions\/22199"}],"wp:attachment":[{"href":"https:\/\/www.clg-la-grange-du-bois-savigny-le-temple.fr\/index.php?rest_route=%2Fwp%2Fv2%2Fmedia&parent=22196"}],"wp:term":[{"taxonomy":"category","embeddable":true,"href":"https:\/\/www.clg-la-grange-du-bois-savigny-le-temple.fr\/index.php?rest_route=%2Fwp%2Fv2%2Fcategories&post=22196"},{"taxonomy":"post_tag","embeddable":true,"href":"https:\/\/www.clg-la-grange-du-bois-savigny-le-temple.fr\/index.php?rest_route=%2Fwp%2Fv2%2Ftags&post=22196"}],"curies":[{"name":"wp","href":"https:\/\/api.w.org\/{rel}","templated":true}]}}