{"id":22272,"date":"2023-06-28T12:04:53","date_gmt":"2023-06-28T10:04:53","guid":{"rendered":"https:\/\/www.clg-la-grange-du-bois-savigny-le-temple.fr\/?p=22272"},"modified":"2025-07-03T13:38:57","modified_gmt":"2025-07-03T11:38:57","slug":"label-e3d","status":"publish","type":"post","link":"https:\/\/www.clg-la-grange-du-bois-savigny-le-temple.fr\/?p=22272","title":{"rendered":"Label E3D"},"content":{"rendered":"\n<div class=\"wp-block-group is-layout-constrained wp-block-group-is-layout-constrained\">\n<p class=\"has-small-font-size\"><\/p>\n<\/div>\n\n\n\n<figure class=\"wp-block-gallery has-nested-images columns-default is-cropped wp-block-gallery-2 is-layout-flex wp-block-gallery-is-layout-flex\">\n<figure class=\"wp-block-image size-large is-style-default\"><a href=\"https:\/\/www.clg-la-grange-du-bois-savigny-le-temple.fr\/wp-content\/uploads\/2023\/06\/col.jpg\" rel=\"lightbox[22272]\"><img decoding=\"async\" loading=\"lazy\" width=\"1024\" height=\"768\" data-id=\"22279\" src=\"https:\/\/www.clg-la-grange-du-bois-savigny-le-temple.fr\/wp-content\/uploads\/2023\/06\/col-1024x768.jpg\" alt=\"\" class=\"wp-image-22279\" srcset=\"https:\/\/www.clg-la-grange-du-bois-savigny-le-temple.fr\/wp-content\/uploads\/2023\/06\/col-1024x768.jpg 1024w, https:\/\/www.clg-la-grange-du-bois-savigny-le-temple.fr\/wp-content\/uploads\/2023\/06\/col-300x225.jpg 300w, https:\/\/www.clg-la-grange-du-bois-savigny-le-temple.fr\/wp-content\/uploads\/2023\/06\/col-768x576.jpg 768w, https:\/\/www.clg-la-grange-du-bois-savigny-le-temple.fr\/wp-content\/uploads\/2023\/06\/col-1536x1152.jpg 1536w, https:\/\/www.clg-la-grange-du-bois-savigny-le-temple.fr\/wp-content\/uploads\/2023\/06\/col-900x675.jpg 900w, https:\/\/www.clg-la-grange-du-bois-savigny-le-temple.fr\/wp-content\/uploads\/2023\/06\/col-1280x960.jpg 1280w, https:\/\/www.clg-la-grange-du-bois-savigny-le-temple.fr\/wp-content\/uploads\/2023\/06\/col.jpg 2048w\" sizes=\"(max-width: 1024px) 100vw, 1024px\" \/><\/a><\/figure>\n\n\n\n<figure class=\"wp-block-image size-large\"><a href=\"https:\/\/www.clg-la-grange-du-bois-savigny-le-temple.fr\/wp-content\/uploads\/2023\/06\/logo-E3D-1.png\" rel=\"lightbox[22272]\"><img decoding=\"async\" loading=\"lazy\" width=\"285\" height=\"187\" data-id=\"22278\" src=\"https:\/\/www.clg-la-grange-du-bois-savigny-le-temple.fr\/wp-content\/uploads\/2023\/06\/logo-E3D-1.png\" alt=\"\" class=\"wp-image-22278\"\/><\/a><\/figure>\n<\/figure>\n\n\n\n<p><\/p>\n\n\n\n<p>Le coll\u00e8ge la Grange du Bois, en plus de se voir confirmer son label E3D obtenu en 2021, vient de recevoir le niveau 2 de la labellisation c&#8217;est-\u00e0-dire le niveau &#8220;approfondissement&#8221;. <\/p>\n\n\n\n<p>Il s\u2019agit d\u2019un label&nbsp;\u00ab&nbsp;\u00c9tablissement en d\u00e9marche de d\u00e9veloppement durable&nbsp;\u00bb qui comporte 3 niveaux:<\/p>\n\n\n\n<p>\u2013Niveau&nbsp;1 : engagement<br>\u2013Niveau 2 : approfondissement<br>\u2013Niveau 3 : expertise\u200b<\/p>\n\n\n\n<p>Cette labellisation nationale vise \u00e0 reconna\u00eetre et valoriser l\u2019engagement des \u00e9tablissements, des \u00e9quipes et des \u00e9l\u00e8ves impliqu\u00e9s dans les d\u00e9marches globales d\u2019\u00e9ducation au d\u00e9veloppement durable.<\/p>\n\n\n\n<p><strong>Bravo aux \u00e9co-d\u00e9l\u00e9gu\u00e9s, aux \u00e9l\u00e8ves, aux enseignants ainsi que l&#8217;ensemble des personnels pour ce bel engagement ! <\/strong><\/p>\n\n\n\n<p class=\"has-white-background-color has-background\">Voici le lien pour consulter les r\u00e9sultats de la campagne de labellisation 2023 dans l&#8217;acad\u00e9mie de Cr\u00e9teil : <a href=\"http:\/\/edd.ac-creteil.fr\/La-campagne-de-labellisation-E3D-2023-les-resultats-et-le-palmares\" target=\"_blank\" rel=\"noreferrer noopener\">http:\/\/edd.ac-creteil.fr\/La-campagne-de-labellisation-E3D-2023-les-resultats-et-le-palmares<\/a><\/p>\n","protected":false},"excerpt":{"rendered":"<p>Le coll\u00e8ge la Grange du Bois, en plus de se voir confirmer son label E3D obtenu en 2021, vient de recevoir le niveau 2 de [&#8230;]<\/p>\n","protected":false},"author":367,"featured_media":0,"comment_status":"closed","ping_status":"closed","sticky":false,"template":"","format":"standard","meta":{"footnotes":""},"categories":[42,5,64,27,77],"tags":[73,70,72],"_links":{"self":[{"href":"https:\/\/www.clg-la-grange-du-bois-savigny-le-temple.fr\/index.php?rest_route=\/wp\/v2\/posts\/22272"}],"collection":[{"href":"https:\/\/www.clg-la-grange-du-bois-savigny-le-temple.fr\/index.php?rest_route=\/wp\/v2\/posts"}],"about":[{"href":"https:\/\/www.clg-la-grange-du-bois-savigny-le-temple.fr\/index.php?rest_route=\/wp\/v2\/types\/post"}],"author":[{"embeddable":true,"href":"https:\/\/www.clg-la-grange-du-bois-savigny-le-temple.fr\/index.php?rest_route=\/wp\/v2\/users\/367"}],"replies":[{"embeddable":true,"href":"https:\/\/www.clg-la-grange-du-bois-savigny-le-temple.fr\/index.php?rest_route=%2Fwp%2Fv2%2Fcomments&post=22272"}],"version-history":[{"count":8,"href":"https:\/\/www.clg-la-grange-du-bois-savigny-le-temple.fr\/index.php?rest_route=\/wp\/v2\/posts\/22272\/revisions"}],"predecessor-version":[{"id":22302,"href":"https:\/\/www.clg-la-grange-du-bois-savigny-le-temple.fr\/index.php?rest_route=\/wp\/v2\/posts\/22272\/revisions\/22302"}],"wp:attachment":[{"href":"https:\/\/www.clg-la-grange-du-bois-savigny-le-temple.fr\/index.php?rest_route=%2Fwp%2Fv2%2Fmedia&parent=22272"}],"wp:term":[{"taxonomy":"category","embeddable":true,"href":"https:\/\/www.clg-la-grange-du-bois-savigny-le-temple.fr\/index.php?rest_route=%2Fwp%2Fv2%2Fcategories&post=22272"},{"taxonomy":"post_tag","embeddable":true,"href":"https:\/\/www.clg-la-grange-du-bois-savigny-le-temple.fr\/index.php?rest_route=%2Fwp%2Fv2%2Ftags&post=22272"}],"curies":[{"name":"wp","href":"https:\/\/api.w.org\/{rel}","templated":true}]}}