{"id":22545,"date":"2023-07-07T09:25:56","date_gmt":"2023-07-07T07:25:56","guid":{"rendered":"https:\/\/www.clg-la-grange-du-bois-savigny-le-temple.fr\/?p=22545"},"modified":"2025-07-03T13:38:57","modified_gmt":"2025-07-03T11:38:57","slug":"quelques-dates-a-retenir-a-la-rentree-pour-la-classe-prepa-des-metiers","status":"publish","type":"post","link":"https:\/\/www.clg-la-grange-du-bois-savigny-le-temple.fr\/?p=22545","title":{"rendered":"[Pr\u00e9pa des m\u00e9tiers] &#8211; Quelques dates \u00e0 retenir \u00e0 la rentr\u00e9e pour la classe"},"content":{"rendered":"\n<p>Premi\u00e8re information :<\/p>\n\n\n\n<p>le 18 Septembre 2023 s\u00e9ance d&#8217;int\u00e9gration<\/p>\n\n\n\n<p>Les dates de stages \u00e0 inscrire \u00e0 vos agendas :<\/p>\n\n\n\n<p>Du 18 au 22 D\u00e9cembre 2023: premier stage en entreprise<\/p>\n\n\n\n<p>du 24\/02 au 1er Mars 2024: second stage<\/p>\n\n\n\n<p>du 22\/04 au 26\/04\/2024: dernier stage en entreprise.<\/p>\n\n\n\n<p>Ces stages devront \u00eatre effectu\u00e9s sur des domaines \u00e9conomiques diff\u00e9rents afin que les \u00e9l\u00e8ves d\u00e9couvrent et r\u00e9fl\u00e9chissent \u00e0 leur v\u0153ux d&#8217;orientation.<\/p>\n\n\n\n<p>Mme Benyachou<\/p>\n\n\n\n<p>Professeur Principale de la classe Pr\u00e9pa des M\u00e9tiers.<\/p>\n","protected":false},"excerpt":{"rendered":"<p>Premi\u00e8re information : le 18 Septembre 2023 s\u00e9ance d&#8217;int\u00e9gration Les dates de stages \u00e0 inscrire \u00e0 vos agendas : Du 18 au 22 D\u00e9cembre 2023: [&#8230;]<\/p>\n","protected":false},"author":350,"featured_media":0,"comment_status":"closed","ping_status":"closed","sticky":false,"template":"","format":"standard","meta":{"footnotes":""},"categories":[85],"tags":[],"_links":{"self":[{"href":"https:\/\/www.clg-la-grange-du-bois-savigny-le-temple.fr\/index.php?rest_route=\/wp\/v2\/posts\/22545"}],"collection":[{"href":"https:\/\/www.clg-la-grange-du-bois-savigny-le-temple.fr\/index.php?rest_route=\/wp\/v2\/posts"}],"about":[{"href":"https:\/\/www.clg-la-grange-du-bois-savigny-le-temple.fr\/index.php?rest_route=\/wp\/v2\/types\/post"}],"author":[{"embeddable":true,"href":"https:\/\/www.clg-la-grange-du-bois-savigny-le-temple.fr\/index.php?rest_route=\/wp\/v2\/users\/350"}],"replies":[{"embeddable":true,"href":"https:\/\/www.clg-la-grange-du-bois-savigny-le-temple.fr\/index.php?rest_route=%2Fwp%2Fv2%2Fcomments&post=22545"}],"version-history":[{"count":4,"href":"https:\/\/www.clg-la-grange-du-bois-savigny-le-temple.fr\/index.php?rest_route=\/wp\/v2\/posts\/22545\/revisions"}],"predecessor-version":[{"id":22552,"href":"https:\/\/www.clg-la-grange-du-bois-savigny-le-temple.fr\/index.php?rest_route=\/wp\/v2\/posts\/22545\/revisions\/22552"}],"wp:attachment":[{"href":"https:\/\/www.clg-la-grange-du-bois-savigny-le-temple.fr\/index.php?rest_route=%2Fwp%2Fv2%2Fmedia&parent=22545"}],"wp:term":[{"taxonomy":"category","embeddable":true,"href":"https:\/\/www.clg-la-grange-du-bois-savigny-le-temple.fr\/index.php?rest_route=%2Fwp%2Fv2%2Fcategories&post=22545"},{"taxonomy":"post_tag","embeddable":true,"href":"https:\/\/www.clg-la-grange-du-bois-savigny-le-temple.fr\/index.php?rest_route=%2Fwp%2Fv2%2Ftags&post=22545"}],"curies":[{"name":"wp","href":"https:\/\/api.w.org\/{rel}","templated":true}]}}