{"id":22553,"date":"2023-09-28T16:22:18","date_gmt":"2023-09-28T14:22:18","guid":{"rendered":"https:\/\/www.clg-la-grange-du-bois-savigny-le-temple.fr\/?p=22553"},"modified":"2025-07-03T13:42:36","modified_gmt":"2025-07-03T11:42:36","slug":"ceremonie-republicaine-de-remise-des-diplomes-du-brevet-et-du-cfg-session-2023","status":"publish","type":"post","link":"https:\/\/www.clg-la-grange-du-bois-savigny-le-temple.fr\/?p=22553","title":{"rendered":"C\u00e9r\u00e9monie r\u00e9publicaine de remise des dipl\u00f4mes du Brevet et du CFG &#8211; Session 2023"},"content":{"rendered":"\n<figure class=\"wp-block-image aligncenter size-full\"><a href=\"https:\/\/www.clg-la-grange-du-bois-savigny-le-temple.fr\/wp-content\/uploads\/2023\/07\/450photo_5019.jpg\" rel=\"lightbox[22553]\"><img decoding=\"async\" loading=\"lazy\" width=\"429\" height=\"279\" src=\"https:\/\/www.clg-la-grange-du-bois-savigny-le-temple.fr\/wp-content\/uploads\/2023\/07\/450photo_5019.jpg\" alt=\"\" class=\"wp-image-22555\" srcset=\"https:\/\/www.clg-la-grange-du-bois-savigny-le-temple.fr\/wp-content\/uploads\/2023\/07\/450photo_5019.jpg 429w, https:\/\/www.clg-la-grange-du-bois-savigny-le-temple.fr\/wp-content\/uploads\/2023\/07\/450photo_5019-300x195.jpg 300w\" sizes=\"(max-width: 429px) 100vw, 429px\" \/><\/a><\/figure>\n\n\n\n<p class=\"has-small-font-size\">Le Coll\u00e8ge la Grange du Bois vous invite \u00e0 venir retirer vos dipl\u00f4mes au coll\u00e8ge lors d&#8217;une c\u00e9r\u00e9monie r\u00e9publicaine qui aura lieu le <strong>jeudi 16 novembre 2023 \u00e0 partir du 18h<\/strong>.<\/p>\n\n\n\n<p><strong>Informations importantes :<\/strong><\/p>\n\n\n\n<p>-les \u00e9l\u00e8ves doivent imp\u00e9rativement se munir d&#8217;une pi\u00e8ce d&#8217;identit\u00e9 afin de r\u00e9cup\u00e9rer leur dipl\u00f4me<\/p>\n\n\n\n<p>-les parents venant retirer le dipl\u00f4me de leur enfant doivent se munir de leur pi\u00e8ce d&#8217;identit\u00e9 et de celle de leur enfant<\/p>\n\n\n\n<p>ATTENTION, la c\u00e9r\u00e9monie commencera \u00e0 18h00 et se terminera \u00e0 19h00. Il est important de pr\u00e9voir ce temps pour que chacun puisse \u00eatre f\u00e9licit\u00e9 comme il se doit. <\/p>\n","protected":false},"excerpt":{"rendered":"<p>Le Coll\u00e8ge la Grange du Bois vous invite \u00e0 venir retirer vos dipl\u00f4mes au coll\u00e8ge lors d&#8217;une c\u00e9r\u00e9monie r\u00e9publicaine qui aura lieu le jeudi 16 [&#8230;]<\/p>\n","protected":false},"author":20,"featured_media":22555,"comment_status":"closed","ping_status":"closed","sticky":false,"template":"","format":"standard","meta":{"footnotes":""},"categories":[5,43],"tags":[67],"_links":{"self":[{"href":"https:\/\/www.clg-la-grange-du-bois-savigny-le-temple.fr\/index.php?rest_route=\/wp\/v2\/posts\/22553"}],"collection":[{"href":"https:\/\/www.clg-la-grange-du-bois-savigny-le-temple.fr\/index.php?rest_route=\/wp\/v2\/posts"}],"about":[{"href":"https:\/\/www.clg-la-grange-du-bois-savigny-le-temple.fr\/index.php?rest_route=\/wp\/v2\/types\/post"}],"author":[{"embeddable":true,"href":"https:\/\/www.clg-la-grange-du-bois-savigny-le-temple.fr\/index.php?rest_route=\/wp\/v2\/users\/20"}],"replies":[{"embeddable":true,"href":"https:\/\/www.clg-la-grange-du-bois-savigny-le-temple.fr\/index.php?rest_route=%2Fwp%2Fv2%2Fcomments&post=22553"}],"version-history":[{"count":6,"href":"https:\/\/www.clg-la-grange-du-bois-savigny-le-temple.fr\/index.php?rest_route=\/wp\/v2\/posts\/22553\/revisions"}],"predecessor-version":[{"id":22679,"href":"https:\/\/www.clg-la-grange-du-bois-savigny-le-temple.fr\/index.php?rest_route=\/wp\/v2\/posts\/22553\/revisions\/22679"}],"wp:featuredmedia":[{"embeddable":true,"href":"https:\/\/www.clg-la-grange-du-bois-savigny-le-temple.fr\/index.php?rest_route=\/wp\/v2\/media\/22555"}],"wp:attachment":[{"href":"https:\/\/www.clg-la-grange-du-bois-savigny-le-temple.fr\/index.php?rest_route=%2Fwp%2Fv2%2Fmedia&parent=22553"}],"wp:term":[{"taxonomy":"category","embeddable":true,"href":"https:\/\/www.clg-la-grange-du-bois-savigny-le-temple.fr\/index.php?rest_route=%2Fwp%2Fv2%2Fcategories&post=22553"},{"taxonomy":"post_tag","embeddable":true,"href":"https:\/\/www.clg-la-grange-du-bois-savigny-le-temple.fr\/index.php?rest_route=%2Fwp%2Fv2%2Ftags&post=22553"}],"curies":[{"name":"wp","href":"https:\/\/api.w.org\/{rel}","templated":true}]}}