{"id":22558,"date":"2023-07-08T16:02:51","date_gmt":"2023-07-08T14:02:51","guid":{"rendered":"https:\/\/www.clg-la-grange-du-bois-savigny-le-temple.fr\/?p=22558"},"modified":"2025-07-03T13:38:57","modified_gmt":"2025-07-03T11:38:57","slug":"voyage-scolaire-memoire-et-citoyennete-alsace-strasbourg","status":"publish","type":"post","link":"https:\/\/www.clg-la-grange-du-bois-savigny-le-temple.fr\/?p=22558","title":{"rendered":"Voyage scolaire &#8220;m\u00e9moire et citoyennet\u00e9&#8221; Alsace-Strasbourg"},"content":{"rendered":"\n<div class=\"wp-block-media-text alignwide is-stacked-on-mobile\" style=\"grid-template-columns:37% auto\"><figure class=\"wp-block-media-text__media\"><img decoding=\"async\" loading=\"lazy\" width=\"702\" height=\"484\" src=\"https:\/\/www.clg-la-grange-du-bois-savigny-le-temple.fr\/wp-content\/uploads\/2023\/07\/Capture-decran-2023-07-08-122432-1.png\" alt=\"\" class=\"wp-image-22580 size-full\" srcset=\"https:\/\/www.clg-la-grange-du-bois-savigny-le-temple.fr\/wp-content\/uploads\/2023\/07\/Capture-decran-2023-07-08-122432-1.png 702w, https:\/\/www.clg-la-grange-du-bois-savigny-le-temple.fr\/wp-content\/uploads\/2023\/07\/Capture-decran-2023-07-08-122432-1-300x207.png 300w\" sizes=\"(max-width: 702px) 100vw, 702px\" \/><\/figure><div class=\"wp-block-media-text__content\">\n<p>Du lundi 15 au mercredi 17 mai 2023, les \u00e9l\u00e8ves de 3e ont particip\u00e9 au voyage en Alsace et \u00e0 Strasbourg dans l\u2019objectif d&#8217;approfondir leurs connaissances en lien avec les programmes mais aussi de partager des valeurs communes li\u00e9es \u00e0 la citoyennet\u00e9 et au devoir de m\u00e9moire.<\/p>\n<\/div><\/div>\n\n\n\n<p>Ainsi, le lundi 15 mai, les \u00e9l\u00e8ves ont visit\u00e9 l&#8217;ancien camp de concentration de Natzweiler, seul camp de concentration pr\u00e9sent sur le territoire fran\u00e7ais actuel, dans le but d&#8217;approfondir leur compr\u00e9hension et de se rendre compte du syst\u00e8me concentrationnaire nazi.<\/p>\n\n\n\n<figure class=\"wp-block-image aligncenter size-full is-resized\"><a href=\"https:\/\/www.clg-la-grange-du-bois-savigny-le-temple.fr\/wp-content\/uploads\/2023\/07\/CAMP.jpg\" rel=\"lightbox[22558]\"><img decoding=\"async\" loading=\"lazy\" src=\"https:\/\/www.clg-la-grange-du-bois-savigny-le-temple.fr\/wp-content\/uploads\/2023\/07\/CAMP.jpg\" alt=\"\" class=\"wp-image-22563\" width=\"405\" height=\"270\" srcset=\"https:\/\/www.clg-la-grange-du-bois-savigny-le-temple.fr\/wp-content\/uploads\/2023\/07\/CAMP.jpg 750w, https:\/\/www.clg-la-grange-du-bois-savigny-le-temple.fr\/wp-content\/uploads\/2023\/07\/CAMP-300x200.jpg 300w\" sizes=\"(max-width: 405px) 100vw, 405px\" \/><\/a><figcaption class=\"wp-element-caption\">Camp de concentration de Natweiler<\/figcaption><\/figure>\n\n\n\n<p>Le mardi 16 mai, la visite du centre-ville de Strasbourg et le quartier libre ont permis de d\u00e9couvrir cette m\u00e9tropole europ\u00e9enne. Dans l&#8217;apr\u00e8s-midi, nous avons visit\u00e9 le Parlement europ\u00e9en pour comprendre son fonctionnement et prendre conscience de notre citoyennet\u00e9 europ\u00e9enne. La journ\u00e9e a pris fin avec la visite du Jardin des Deux Rives situ\u00e9 sur la fronti\u00e8re entre la France et l&#8217;Allemagne.<\/p>\n\n\n\n<figure class=\"wp-block-image aligncenter size-large is-resized\"><a href=\"https:\/\/www.clg-la-grange-du-bois-savigny-le-temple.fr\/wp-content\/uploads\/2023\/07\/26129b74-2749-42d0-bb1b-fbe2d0509914-1-scaled.jpg\" rel=\"lightbox[22558]\"><img decoding=\"async\" loading=\"lazy\" src=\"https:\/\/www.clg-la-grange-du-bois-savigny-le-temple.fr\/wp-content\/uploads\/2023\/07\/26129b74-2749-42d0-bb1b-fbe2d0509914-1-1024x580.jpg\" alt=\"\" class=\"wp-image-22577\" width=\"491\" height=\"277\" srcset=\"https:\/\/www.clg-la-grange-du-bois-savigny-le-temple.fr\/wp-content\/uploads\/2023\/07\/26129b74-2749-42d0-bb1b-fbe2d0509914-1-1024x580.jpg 1024w, https:\/\/www.clg-la-grange-du-bois-savigny-le-temple.fr\/wp-content\/uploads\/2023\/07\/26129b74-2749-42d0-bb1b-fbe2d0509914-1-300x170.jpg 300w, https:\/\/www.clg-la-grange-du-bois-savigny-le-temple.fr\/wp-content\/uploads\/2023\/07\/26129b74-2749-42d0-bb1b-fbe2d0509914-1-768x435.jpg 768w, https:\/\/www.clg-la-grange-du-bois-savigny-le-temple.fr\/wp-content\/uploads\/2023\/07\/26129b74-2749-42d0-bb1b-fbe2d0509914-1-1536x871.jpg 1536w, https:\/\/www.clg-la-grange-du-bois-savigny-le-temple.fr\/wp-content\/uploads\/2023\/07\/26129b74-2749-42d0-bb1b-fbe2d0509914-1-2048x1161.jpg 2048w, https:\/\/www.clg-la-grange-du-bois-savigny-le-temple.fr\/wp-content\/uploads\/2023\/07\/26129b74-2749-42d0-bb1b-fbe2d0509914-1-1800x1020.jpg 1800w, https:\/\/www.clg-la-grange-du-bois-savigny-le-temple.fr\/wp-content\/uploads\/2023\/07\/26129b74-2749-42d0-bb1b-fbe2d0509914-1-1840x1035.jpg 1840w\" sizes=\"(max-width: 491px) 100vw, 491px\" \/><\/a><\/figure>\n\n\n\n<figure class=\"wp-block-gallery has-nested-images columns-default is-cropped wp-block-gallery-1 is-layout-flex wp-block-gallery-is-layout-flex\">\n<figure class=\"wp-block-image size-large\"><a href=\"https:\/\/www.clg-la-grange-du-bois-savigny-le-temple.fr\/wp-content\/uploads\/2023\/07\/4af1dee6-96d0-4689-a93b-b8d34e9093c6-4-scaled.jpg\" rel=\"lightbox[22558]\"><img decoding=\"async\" loading=\"lazy\" width=\"1024\" height=\"839\" data-id=\"22576\" src=\"https:\/\/www.clg-la-grange-du-bois-savigny-le-temple.fr\/wp-content\/uploads\/2023\/07\/4af1dee6-96d0-4689-a93b-b8d34e9093c6-4-1024x839.jpg\" alt=\"\" class=\"wp-image-22576\" srcset=\"https:\/\/www.clg-la-grange-du-bois-savigny-le-temple.fr\/wp-content\/uploads\/2023\/07\/4af1dee6-96d0-4689-a93b-b8d34e9093c6-4-1024x839.jpg 1024w, https:\/\/www.clg-la-grange-du-bois-savigny-le-temple.fr\/wp-content\/uploads\/2023\/07\/4af1dee6-96d0-4689-a93b-b8d34e9093c6-4-300x246.jpg 300w, https:\/\/www.clg-la-grange-du-bois-savigny-le-temple.fr\/wp-content\/uploads\/2023\/07\/4af1dee6-96d0-4689-a93b-b8d34e9093c6-4-768x630.jpg 768w, https:\/\/www.clg-la-grange-du-bois-savigny-le-temple.fr\/wp-content\/uploads\/2023\/07\/4af1dee6-96d0-4689-a93b-b8d34e9093c6-4-1536x1259.jpg 1536w, https:\/\/www.clg-la-grange-du-bois-savigny-le-temple.fr\/wp-content\/uploads\/2023\/07\/4af1dee6-96d0-4689-a93b-b8d34e9093c6-4-2048x1679.jpg 2048w, https:\/\/www.clg-la-grange-du-bois-savigny-le-temple.fr\/wp-content\/uploads\/2023\/07\/4af1dee6-96d0-4689-a93b-b8d34e9093c6-4-1800x1476.jpg 1800w\" sizes=\"(max-width: 1024px) 100vw, 1024px\" \/><\/a><\/figure>\n\n\n\n<figure class=\"wp-block-image size-large\"><a href=\"https:\/\/www.clg-la-grange-du-bois-savigny-le-temple.fr\/wp-content\/uploads\/2023\/07\/97e64a7e-1fcc-472f-bd7b-fe003756cb02-3.jpg\" rel=\"lightbox[22558]\"><img decoding=\"async\" loading=\"lazy\" width=\"1024\" height=\"576\" data-id=\"22574\" src=\"https:\/\/www.clg-la-grange-du-bois-savigny-le-temple.fr\/wp-content\/uploads\/2023\/07\/97e64a7e-1fcc-472f-bd7b-fe003756cb02-3-1024x576.jpg\" alt=\"\" class=\"wp-image-22574\" srcset=\"https:\/\/www.clg-la-grange-du-bois-savigny-le-temple.fr\/wp-content\/uploads\/2023\/07\/97e64a7e-1fcc-472f-bd7b-fe003756cb02-3-1024x576.jpg 1024w, https:\/\/www.clg-la-grange-du-bois-savigny-le-temple.fr\/wp-content\/uploads\/2023\/07\/97e64a7e-1fcc-472f-bd7b-fe003756cb02-3-300x169.jpg 300w, https:\/\/www.clg-la-grange-du-bois-savigny-le-temple.fr\/wp-content\/uploads\/2023\/07\/97e64a7e-1fcc-472f-bd7b-fe003756cb02-3-768x432.jpg 768w, https:\/\/www.clg-la-grange-du-bois-savigny-le-temple.fr\/wp-content\/uploads\/2023\/07\/97e64a7e-1fcc-472f-bd7b-fe003756cb02-3-1536x864.jpg 1536w, https:\/\/www.clg-la-grange-du-bois-savigny-le-temple.fr\/wp-content\/uploads\/2023\/07\/97e64a7e-1fcc-472f-bd7b-fe003756cb02-3.jpg 1600w\" sizes=\"(max-width: 1024px) 100vw, 1024px\" \/><\/a><\/figure>\n<\/figure>\n\n\n\n<p>Pour finir, le mercredi 17 mai, le voyage s&#8217;est termin\u00e9 avec une randonn\u00e9e guid\u00e9e du site naturel du Donon dans les Vosges, qui culmine \u00e0 plus de 1000 m\u00e8tres d&#8217;altitude.<\/p>\n\n\n\n<figure class=\"wp-block-image aligncenter size-large is-resized\"><a href=\"https:\/\/www.clg-la-grange-du-bois-savigny-le-temple.fr\/wp-content\/uploads\/2023\/07\/71cac683-bdae-4582-926a-41964d8e25ea.jpg\" rel=\"lightbox[22558]\"><img decoding=\"async\" loading=\"lazy\" src=\"https:\/\/www.clg-la-grange-du-bois-savigny-le-temple.fr\/wp-content\/uploads\/2023\/07\/71cac683-bdae-4582-926a-41964d8e25ea-1024x461.jpg\" alt=\"\" class=\"wp-image-22578\" width=\"820\" height=\"369\" srcset=\"https:\/\/www.clg-la-grange-du-bois-savigny-le-temple.fr\/wp-content\/uploads\/2023\/07\/71cac683-bdae-4582-926a-41964d8e25ea-1024x461.jpg 1024w, https:\/\/www.clg-la-grange-du-bois-savigny-le-temple.fr\/wp-content\/uploads\/2023\/07\/71cac683-bdae-4582-926a-41964d8e25ea-300x135.jpg 300w, https:\/\/www.clg-la-grange-du-bois-savigny-le-temple.fr\/wp-content\/uploads\/2023\/07\/71cac683-bdae-4582-926a-41964d8e25ea-768x346.jpg 768w, https:\/\/www.clg-la-grange-du-bois-savigny-le-temple.fr\/wp-content\/uploads\/2023\/07\/71cac683-bdae-4582-926a-41964d8e25ea-1536x691.jpg 1536w, https:\/\/www.clg-la-grange-du-bois-savigny-le-temple.fr\/wp-content\/uploads\/2023\/07\/71cac683-bdae-4582-926a-41964d8e25ea-2048x922.jpg 2048w, https:\/\/www.clg-la-grange-du-bois-savigny-le-temple.fr\/wp-content\/uploads\/2023\/07\/71cac683-bdae-4582-926a-41964d8e25ea-1800x810.jpg 1800w\" sizes=\"(max-width: 820px) 100vw, 820px\" \/><\/a><figcaption class=\"wp-element-caption\">Sur le sommet du Donon (1009 m\u00e8tres d&#8217;altitude)<\/figcaption><\/figure>\n","protected":false},"excerpt":{"rendered":"<p>Du lundi 15 au mercredi 17 mai 2023, les \u00e9l\u00e8ves de 3e ont particip\u00e9 au voyage en Alsace et \u00e0 Strasbourg dans l\u2019objectif d&#8217;approfondir leurs [&#8230;]<\/p>\n","protected":false},"author":367,"featured_media":0,"comment_status":"closed","ping_status":"closed","sticky":false,"template":"","format":"standard","meta":{"footnotes":""},"categories":[81],"tags":[91,90,89],"_links":{"self":[{"href":"https:\/\/www.clg-la-grange-du-bois-savigny-le-temple.fr\/index.php?rest_route=\/wp\/v2\/posts\/22558"}],"collection":[{"href":"https:\/\/www.clg-la-grange-du-bois-savigny-le-temple.fr\/index.php?rest_route=\/wp\/v2\/posts"}],"about":[{"href":"https:\/\/www.clg-la-grange-du-bois-savigny-le-temple.fr\/index.php?rest_route=\/wp\/v2\/types\/post"}],"author":[{"embeddable":true,"href":"https:\/\/www.clg-la-grange-du-bois-savigny-le-temple.fr\/index.php?rest_route=\/wp\/v2\/users\/367"}],"replies":[{"embeddable":true,"href":"https:\/\/www.clg-la-grange-du-bois-savigny-le-temple.fr\/index.php?rest_route=%2Fwp%2Fv2%2Fcomments&post=22558"}],"version-history":[{"count":8,"href":"https:\/\/www.clg-la-grange-du-bois-savigny-le-temple.fr\/index.php?rest_route=\/wp\/v2\/posts\/22558\/revisions"}],"predecessor-version":[{"id":22584,"href":"https:\/\/www.clg-la-grange-du-bois-savigny-le-temple.fr\/index.php?rest_route=\/wp\/v2\/posts\/22558\/revisions\/22584"}],"wp:attachment":[{"href":"https:\/\/www.clg-la-grange-du-bois-savigny-le-temple.fr\/index.php?rest_route=%2Fwp%2Fv2%2Fmedia&parent=22558"}],"wp:term":[{"taxonomy":"category","embeddable":true,"href":"https:\/\/www.clg-la-grange-du-bois-savigny-le-temple.fr\/index.php?rest_route=%2Fwp%2Fv2%2Fcategories&post=22558"},{"taxonomy":"post_tag","embeddable":true,"href":"https:\/\/www.clg-la-grange-du-bois-savigny-le-temple.fr\/index.php?rest_route=%2Fwp%2Fv2%2Ftags&post=22558"}],"curies":[{"name":"wp","href":"https:\/\/api.w.org\/{rel}","templated":true}]}}