{"id":22602,"date":"2023-08-29T10:27:37","date_gmt":"2023-08-29T08:27:37","guid":{"rendered":"https:\/\/www.clg-la-grange-du-bois-savigny-le-temple.fr\/?p=22602"},"modified":"2025-07-03T13:42:36","modified_gmt":"2025-07-03T11:42:36","slug":"rentree-2023-2024","status":"publish","type":"post","link":"https:\/\/www.clg-la-grange-du-bois-savigny-le-temple.fr\/?p=22602","title":{"rendered":"Rentr\u00e9e 2023 &#8211; 2024"},"content":{"rendered":"\n<p><strong>LUNDI 4 SEPTEMBRE 2023<\/strong><strong><\/strong><\/p>\n\n\n\n<p><em>PAS DE SERVICE DE RESTAURATION (SAUF pour les 6<sup>\u00e8me<\/sup>&nbsp;, les r\u00e9f\u00e9rents, les professeurs et les agents)<\/em><\/p>\n\n\n\n<p>Rentr\u00e9e des classes de 6<sup>\u00e8me<\/sup>&nbsp;de 9h00 \u00e0 14h30<\/p>\n\n\n\n<p>et r\u00e9f\u00e9rents 5<sup>\u00e8me<\/sup>&nbsp;&nbsp;(11h \u00e0 15h30)<\/p>\n\n\n\n<figure class=\"wp-block-table\"><table><tbody><tr><td><strong>9h00<\/strong><\/td><td>Accueil des \u00e9l\u00e8ves de 6<sup>\u00e8me<\/sup>.<\/td><\/tr><tr><td><strong>9H15-12h00<\/strong><\/td><td><br>Accueil des familles dans le r\u00e9fectoire par l\u2019\u00e9quipe de direction et d\u2019autres personnels&nbsp;: informations diverses.<br>&nbsp;<\/td><\/tr><tr><td><strong>11h- 11h30 &nbsp;<br><\/strong><br><strong>11h30-12h30<\/strong><\/td><td>Accueil des r\u00e9f\u00e9rents 5<sup>\u00e8me<\/sup>&nbsp;par la vie scolaire (pr\u00e9paration chasse aux tr\u00e9sors)<br><br>Chasse aux tr\u00e9sors (\u00e9l\u00e8ves de 6<sup>\u00e8me<\/sup>&nbsp;et r\u00e9f\u00e9rents 5<sup>\u00e8me<\/sup>).<\/td><\/tr><tr><td><br><strong>12h30- 13h30<\/strong><\/td><td>&nbsp;Repas pris au coll\u00e8ge par tous les \u00e9l\u00e8ves de 6<sup>\u00e8me&nbsp;<\/sup>et leurs r\u00e9f\u00e9rents (sauf avis contraire de la famille)<\/td><\/tr><tr><td><br><strong>13h30-14h30<\/strong><\/td><td><br>Prise en charge des \u00e9l\u00e8ves de 6<sup>\u00e8me<\/sup>&nbsp;par le professeur principal de la classe.<\/td><\/tr><\/tbody><\/table><\/figure>\n\n\n\n<p>Rentr\u00e9e des classes de 5<sup>\u00e8me<\/sup>&nbsp;<em>de 13h30 \u00e0 15h30<\/em><\/p>\n\n\n\n<p>Pas cours mardi 05 septembre&nbsp;2023 pour les 6<sup>\u00e8me<\/sup>&nbsp;et les 5<sup>\u00e8me<\/sup><br><strong>Emploi du temps normal \u00e0 partir du&nbsp;mercredi 06 septembre 2023<\/strong><\/p>\n\n\n\n<hr class=\"wp-block-separator has-alpha-channel-opacity\"\/>\n\n\n\n<p><strong>MARDI 05 SEPTEMBRE 2023<em>&nbsp;&nbsp;<\/em><\/strong><\/p>\n\n\n\n<p><em>PAS DE SERVICE DE RESTAURATION<\/em><\/p>\n\n\n\n<p>Rentr\u00e9e des classes de 4<sup>\u00e8me<\/sup>&nbsp;<em>de 9h \u00e0 11h<\/em><\/p>\n\n\n\n<p>Rentr\u00e9e des classes de 3<sup>\u00e8me<\/sup>&nbsp;<em>de 10h \u00e0 12h30<\/em><\/p>\n\n\n\n<hr class=\"wp-block-separator has-alpha-channel-opacity\"\/>\n\n\n\n<p><strong>MERCREDI 06 SEPTEMBRE 2023<\/strong><\/p>\n\n\n\n<p>Reprise des cours pour tous les niveaux selon les emplois du temps provisoires jusqu\u2019au 15 septembre inclus.<\/p>\n","protected":false},"excerpt":{"rendered":"<p>LUNDI 4 SEPTEMBRE 2023 PAS DE SERVICE DE RESTAURATION (SAUF pour les 6\u00e8me&nbsp;, les r\u00e9f\u00e9rents, les professeurs et les agents) Rentr\u00e9e des classes de 6\u00e8me&nbsp;de [&#8230;]<\/p>\n","protected":false},"author":21,"featured_media":0,"comment_status":"closed","ping_status":"closed","sticky":false,"template":"","format":"standard","meta":{"footnotes":""},"categories":[43],"tags":[67,66,65],"_links":{"self":[{"href":"https:\/\/www.clg-la-grange-du-bois-savigny-le-temple.fr\/index.php?rest_route=\/wp\/v2\/posts\/22602"}],"collection":[{"href":"https:\/\/www.clg-la-grange-du-bois-savigny-le-temple.fr\/index.php?rest_route=\/wp\/v2\/posts"}],"about":[{"href":"https:\/\/www.clg-la-grange-du-bois-savigny-le-temple.fr\/index.php?rest_route=\/wp\/v2\/types\/post"}],"author":[{"embeddable":true,"href":"https:\/\/www.clg-la-grange-du-bois-savigny-le-temple.fr\/index.php?rest_route=\/wp\/v2\/users\/21"}],"replies":[{"embeddable":true,"href":"https:\/\/www.clg-la-grange-du-bois-savigny-le-temple.fr\/index.php?rest_route=%2Fwp%2Fv2%2Fcomments&post=22602"}],"version-history":[{"count":6,"href":"https:\/\/www.clg-la-grange-du-bois-savigny-le-temple.fr\/index.php?rest_route=\/wp\/v2\/posts\/22602\/revisions"}],"predecessor-version":[{"id":22650,"href":"https:\/\/www.clg-la-grange-du-bois-savigny-le-temple.fr\/index.php?rest_route=\/wp\/v2\/posts\/22602\/revisions\/22650"}],"wp:attachment":[{"href":"https:\/\/www.clg-la-grange-du-bois-savigny-le-temple.fr\/index.php?rest_route=%2Fwp%2Fv2%2Fmedia&parent=22602"}],"wp:term":[{"taxonomy":"category","embeddable":true,"href":"https:\/\/www.clg-la-grange-du-bois-savigny-le-temple.fr\/index.php?rest_route=%2Fwp%2Fv2%2Fcategories&post=22602"},{"taxonomy":"post_tag","embeddable":true,"href":"https:\/\/www.clg-la-grange-du-bois-savigny-le-temple.fr\/index.php?rest_route=%2Fwp%2Fv2%2Ftags&post=22602"}],"curies":[{"name":"wp","href":"https:\/\/api.w.org\/{rel}","templated":true}]}}