{"id":22608,"date":"2023-08-28T18:51:19","date_gmt":"2023-08-28T16:51:19","guid":{"rendered":"https:\/\/www.clg-la-grange-du-bois-savigny-le-temple.fr\/?p=22608"},"modified":"2025-07-03T13:42:36","modified_gmt":"2025-07-03T11:42:36","slug":"quest-ce-que-le-pad","status":"publish","type":"post","link":"https:\/\/www.clg-la-grange-du-bois-savigny-le-temple.fr\/?p=22608","title":{"rendered":"Qu&#8217;est-ce que le PAD?"},"content":{"rendered":"\n<p>Le <strong>P<\/strong>arcours d\u2019<strong>A<\/strong>ccompagnement et de<strong> D<\/strong>\u00e9couverte (<strong>PAD<\/strong>) est un dispositif propos\u00e9 aux \u00e9l\u00e8ves de 4<sup>\u00e8me<\/sup>&nbsp;afin d\u2019entamer une r\u00e9flexion concernant leur orientation et, ainsi, anticiper un des enjeux de la classe de 3<sup>\u00e8me<\/sup>. L\u2019objectif est que chaque \u00e9l\u00e8ve ait d\u00e9j\u00e0 d\u00e9couvert quelques domaines professionnels et fili\u00e8res possibles apr\u00e8s les ann\u00e9es coll\u00e8ge. Il s\u2019agit d\u2019un moyen pour l\u2019\u00e9l\u00e8ve de se centrer sur lui-m\u00eame en explorant ses ambitions, ses doutes et ses interrogations lors de s\u00e9ances collectives et\/ou individuelles.&nbsp;<\/p>\n","protected":false},"excerpt":{"rendered":"<p>Le Parcours d\u2019Accompagnement et de D\u00e9couverte (PAD) est un dispositif propos\u00e9 aux \u00e9l\u00e8ves de 4\u00e8me&nbsp;afin d\u2019entamer une r\u00e9flexion concernant leur orientation et, ainsi, anticiper un [&#8230;]<\/p>\n","protected":false},"author":376,"featured_media":0,"comment_status":"closed","ping_status":"closed","sticky":false,"template":"","format":"standard","meta":{"footnotes":""},"categories":[83],"tags":[98,97,96],"_links":{"self":[{"href":"https:\/\/www.clg-la-grange-du-bois-savigny-le-temple.fr\/index.php?rest_route=\/wp\/v2\/posts\/22608"}],"collection":[{"href":"https:\/\/www.clg-la-grange-du-bois-savigny-le-temple.fr\/index.php?rest_route=\/wp\/v2\/posts"}],"about":[{"href":"https:\/\/www.clg-la-grange-du-bois-savigny-le-temple.fr\/index.php?rest_route=\/wp\/v2\/types\/post"}],"author":[{"embeddable":true,"href":"https:\/\/www.clg-la-grange-du-bois-savigny-le-temple.fr\/index.php?rest_route=\/wp\/v2\/users\/376"}],"replies":[{"embeddable":true,"href":"https:\/\/www.clg-la-grange-du-bois-savigny-le-temple.fr\/index.php?rest_route=%2Fwp%2Fv2%2Fcomments&post=22608"}],"version-history":[{"count":2,"href":"https:\/\/www.clg-la-grange-du-bois-savigny-le-temple.fr\/index.php?rest_route=\/wp\/v2\/posts\/22608\/revisions"}],"predecessor-version":[{"id":22613,"href":"https:\/\/www.clg-la-grange-du-bois-savigny-le-temple.fr\/index.php?rest_route=\/wp\/v2\/posts\/22608\/revisions\/22613"}],"wp:attachment":[{"href":"https:\/\/www.clg-la-grange-du-bois-savigny-le-temple.fr\/index.php?rest_route=%2Fwp%2Fv2%2Fmedia&parent=22608"}],"wp:term":[{"taxonomy":"category","embeddable":true,"href":"https:\/\/www.clg-la-grange-du-bois-savigny-le-temple.fr\/index.php?rest_route=%2Fwp%2Fv2%2Fcategories&post=22608"},{"taxonomy":"post_tag","embeddable":true,"href":"https:\/\/www.clg-la-grange-du-bois-savigny-le-temple.fr\/index.php?rest_route=%2Fwp%2Fv2%2Ftags&post=22608"}],"curies":[{"name":"wp","href":"https:\/\/api.w.org\/{rel}","templated":true}]}}