{"id":22615,"date":"2023-08-29T10:17:33","date_gmt":"2023-08-29T08:17:33","guid":{"rendered":"https:\/\/www.clg-la-grange-du-bois-savigny-le-temple.fr\/?p=22615"},"modified":"2025-07-03T13:42:36","modified_gmt":"2025-07-03T11:42:36","slug":"fournitures-scolaires-2023","status":"publish","type":"post","link":"https:\/\/www.clg-la-grange-du-bois-savigny-le-temple.fr\/?p=22615","title":{"rendered":"Fournitures scolaires 2023"},"content":{"rendered":"\n<p>Bonjour,<\/p>\n\n\n\n<p> \u00e0 tous les parents qui ont pass\u00e9 commande avant les vacances :\u200b les fournitures scolaires sont disponibles \u00e0 compter de ce jour lundi 28 aout jusqu&#8217;au 31 aout inclus de 9h \u00e0 12h et de 14h \u00e0 17h. <\/p>\n\n\n\n<p>\u200b\u200bBien cordialement,<br> \u200b\u200bLa Direction<\/p>\n","protected":false},"excerpt":{"rendered":"<p>Bonjour, \u00e0 tous les parents qui ont pass\u00e9 commande avant les vacances :\u200b les fournitures scolaires sont disponibles \u00e0 compter de ce jour lundi 28 [&#8230;]<\/p>\n","protected":false},"author":21,"featured_media":0,"comment_status":"closed","ping_status":"closed","sticky":false,"template":"","format":"standard","meta":{"footnotes":""},"categories":[5],"tags":[93],"_links":{"self":[{"href":"https:\/\/www.clg-la-grange-du-bois-savigny-le-temple.fr\/index.php?rest_route=\/wp\/v2\/posts\/22615"}],"collection":[{"href":"https:\/\/www.clg-la-grange-du-bois-savigny-le-temple.fr\/index.php?rest_route=\/wp\/v2\/posts"}],"about":[{"href":"https:\/\/www.clg-la-grange-du-bois-savigny-le-temple.fr\/index.php?rest_route=\/wp\/v2\/types\/post"}],"author":[{"embeddable":true,"href":"https:\/\/www.clg-la-grange-du-bois-savigny-le-temple.fr\/index.php?rest_route=\/wp\/v2\/users\/21"}],"replies":[{"embeddable":true,"href":"https:\/\/www.clg-la-grange-du-bois-savigny-le-temple.fr\/index.php?rest_route=%2Fwp%2Fv2%2Fcomments&post=22615"}],"version-history":[{"count":1,"href":"https:\/\/www.clg-la-grange-du-bois-savigny-le-temple.fr\/index.php?rest_route=\/wp\/v2\/posts\/22615\/revisions"}],"predecessor-version":[{"id":22616,"href":"https:\/\/www.clg-la-grange-du-bois-savigny-le-temple.fr\/index.php?rest_route=\/wp\/v2\/posts\/22615\/revisions\/22616"}],"wp:attachment":[{"href":"https:\/\/www.clg-la-grange-du-bois-savigny-le-temple.fr\/index.php?rest_route=%2Fwp%2Fv2%2Fmedia&parent=22615"}],"wp:term":[{"taxonomy":"category","embeddable":true,"href":"https:\/\/www.clg-la-grange-du-bois-savigny-le-temple.fr\/index.php?rest_route=%2Fwp%2Fv2%2Fcategories&post=22615"},{"taxonomy":"post_tag","embeddable":true,"href":"https:\/\/www.clg-la-grange-du-bois-savigny-le-temple.fr\/index.php?rest_route=%2Fwp%2Fv2%2Ftags&post=22615"}],"curies":[{"name":"wp","href":"https:\/\/api.w.org\/{rel}","templated":true}]}}