{"id":22635,"date":"2023-09-14T14:37:18","date_gmt":"2023-09-14T12:37:18","guid":{"rendered":"https:\/\/www.clg-la-grange-du-bois-savigny-le-temple.fr\/?p=22635"},"modified":"2025-07-03T13:42:36","modified_gmt":"2025-07-03T11:42:36","slug":"le-centre-de-documentation-et-dinformation","status":"publish","type":"post","link":"https:\/\/www.clg-la-grange-du-bois-savigny-le-temple.fr\/?p=22635","title":{"rendered":"Le Centre de documentation et d&#8217;information"},"content":{"rendered":"\n<p>Le CDI est ouvert aux \u00e9l\u00e8ves et aux adultes de l&#8217;\u00e9tablissement : c&#8217;est un lieu de formation, de culture, de lecture et d&#8217;acc\u00e8s aux m\u00e9dias et \u00e0 l&#8217;information. Il fournit les ressources dont vous pouvez avoir besoin pour votre travail scolaire ou votre culture personnelle.<\/p>\n\n\n\n<p>Il propose plus de 10 000 documents : documentaires, romans, bandes dessin\u00e9es, mangas\u2026 mais aussi 9 abonnements \u00e0 des magazines pour la jeunesse comme G\u00e9o Ado, Wapiti, Sporteen,1 jour 1 actu, Otaku manga, l&#8217;\u00e9l\u00e9phant junior, Papillote, etc. Depuis l&#8217;ann\u00e9e derni\u00e8re, un espace ludoth\u00e8que avec une quinzaine de jeux de soci\u00e9t\u00e9 est accessible aux \u00e9l\u00e8ves sur des temps sp\u00e9cifiques. <\/p>\n\n\n\n<p>L&#8217;ensemble des ressources disponibles ainsi que la ressource Cafeyn via le portail documentaire du CDI, Esidoc. Il est disponible \u00e0 l&#8217;adresse suivante : <a href=\"https:\/\/0772274d.esidoc.fr\/\">https:\/\/0772274d.esidoc.fr\/<\/a> ou en se connectant \u00e0 Pronote ou l&#8217;ENT77 afin d&#8217;acc\u00e9der \u00e0 son profil de lecteur. <\/p>\n\n\n\n<p>L&#8217;emploi du temps du CDI change toutes les semaines. Vous le retrouverez devant la vie scolaire et devant le CDI. Tous les documents du CDI peuvent \u00eatre emprunt\u00e9s gratuitement. Le CDI est aussi \u00e9quip\u00e9 d&#8217;une douzaine d&#8217;ordinateurs pour les \u00e9l\u00e8ves. Le CDI peut accueillir une vingtaine d&#8217;\u00e9l\u00e8ves \u00e0 chaque heure.<\/p>\n\n\n\n<p>Les \u00e9l\u00e8ves peuvent venir au CDI :<\/p>\n\n\n\n<ul>\n<li>lors d&#8217;une s\u00e9ance p\u00e9dagogique<\/li>\n<\/ul>\n\n\n\n<ul>\n<li>de 12h30 \u00e0 13h55 pour les demi-pensionnaires<\/li>\n<\/ul>\n\n\n\n<ul>\n<li>pendant une heure de permanence <\/li>\n<\/ul>\n\n\n\n<ul>\n<li>dans le cadre des clubs<\/li>\n<\/ul>\n\n\n\n<p>Le r\u00e8glement int\u00e9rieur du coll\u00e8ge s&#8217;applique au CDI qui est un lieu de lecture et de travail silencieux. Le calme, le respect des autres et du mat\u00e9riel sont essentiels : chacun doit ranger sa chaise \u00e0 la fin de l&#8217;heure et replacer les documents utilis\u00e9s. Ce n&#8217;est ni la permanence, ni la cour de r\u00e9cr\u00e9ation. Le non respect d&#8217;une de ces r\u00e8gles entra\u00eenera une punition. (observation, retenue voire une exclusion temporaire ou d\u00e9finitive du CDI.)<\/p>\n\n\n\n<p>En tant que professeur(e), la premi\u00e8re mission de la professeure-documentaliste est de former les \u00e9l\u00e8ves \u00e0 la recherche d\u2019information, au d\u00e9veloppement d&#8217;une culture informationnelle et \u00e0 l&#8217;usage critique des m\u00e9dias pour qu\u2019ils deviennent des citoyens responsables et autonomes. Cet enseignement appel\u00e9 EMI<sup data-fn=\"8ee27601-ae1b-463f-9f16-5f8fc26cab41\" class=\"fn\"><a href=\"#8ee27601-ae1b-463f-9f16-5f8fc26cab41\" id=\"8ee27601-ae1b-463f-9f16-5f8fc26cab41-link\">1<\/a><\/sup> a pour but de d\u00e9velopper les comp\u00e9tences des \u00e9l\u00e8ves dans l&#8217;acc\u00e8s autonome et r\u00e9fl\u00e9chi \u00e0 l&#8217;information. Mme Levionnois accueille dans ce cadre les classes lors de s\u00e9ances p\u00e9dagogiques seule ou en collaboration avec d&#8217;autres professeurs en interdisciplinarit\u00e9.<\/p>\n\n\n\n<p>Le CDI et le portail Esidoc sont sous la responsabilit\u00e9 de :<\/p>\n\n\n\n<p>Mme Adeline LEVIONNOIS, professeure-documentaliste.<\/p>\n\n\n\n<p>Tel : 01.64.10.84.64<\/p>\n\n\n<ol class=\"wp-block-footnotes\"><li id=\"8ee27601-ae1b-463f-9f16-5f8fc26cab41\">Education aux m\u00e9dias et \u00e0 l&#8217;information <a href=\"#8ee27601-ae1b-463f-9f16-5f8fc26cab41-link\">\u21a9\ufe0e<\/a><\/li><\/ol>","protected":false},"excerpt":{"rendered":"<p>Le CDI est ouvert aux \u00e9l\u00e8ves et aux adultes de l&#8217;\u00e9tablissement : c&#8217;est un lieu de formation, de culture, de lecture et d&#8217;acc\u00e8s aux m\u00e9dias [&#8230;]<\/p>\n","protected":false},"author":372,"featured_media":0,"comment_status":"closed","ping_status":"closed","sticky":false,"template":"","format":"standard","meta":{"footnotes":"[{\"content\":\"Education aux m\u00e9dias et \u00e0 l'information\",\"id\":\"8ee27601-ae1b-463f-9f16-5f8fc26cab41\"}]"},"categories":[21],"tags":[104,105,106],"_links":{"self":[{"href":"https:\/\/www.clg-la-grange-du-bois-savigny-le-temple.fr\/index.php?rest_route=\/wp\/v2\/posts\/22635"}],"collection":[{"href":"https:\/\/www.clg-la-grange-du-bois-savigny-le-temple.fr\/index.php?rest_route=\/wp\/v2\/posts"}],"about":[{"href":"https:\/\/www.clg-la-grange-du-bois-savigny-le-temple.fr\/index.php?rest_route=\/wp\/v2\/types\/post"}],"author":[{"embeddable":true,"href":"https:\/\/www.clg-la-grange-du-bois-savigny-le-temple.fr\/index.php?rest_route=\/wp\/v2\/users\/372"}],"replies":[{"embeddable":true,"href":"https:\/\/www.clg-la-grange-du-bois-savigny-le-temple.fr\/index.php?rest_route=%2Fwp%2Fv2%2Fcomments&post=22635"}],"version-history":[{"count":1,"href":"https:\/\/www.clg-la-grange-du-bois-savigny-le-temple.fr\/index.php?rest_route=\/wp\/v2\/posts\/22635\/revisions"}],"predecessor-version":[{"id":22636,"href":"https:\/\/www.clg-la-grange-du-bois-savigny-le-temple.fr\/index.php?rest_route=\/wp\/v2\/posts\/22635\/revisions\/22636"}],"wp:attachment":[{"href":"https:\/\/www.clg-la-grange-du-bois-savigny-le-temple.fr\/index.php?rest_route=%2Fwp%2Fv2%2Fmedia&parent=22635"}],"wp:term":[{"taxonomy":"category","embeddable":true,"href":"https:\/\/www.clg-la-grange-du-bois-savigny-le-temple.fr\/index.php?rest_route=%2Fwp%2Fv2%2Fcategories&post=22635"},{"taxonomy":"post_tag","embeddable":true,"href":"https:\/\/www.clg-la-grange-du-bois-savigny-le-temple.fr\/index.php?rest_route=%2Fwp%2Fv2%2Ftags&post=22635"}],"curies":[{"name":"wp","href":"https:\/\/api.w.org\/{rel}","templated":true}]}}