{"id":22646,"date":"2023-09-14T15:00:39","date_gmt":"2023-09-14T13:00:39","guid":{"rendered":"https:\/\/www.clg-la-grange-du-bois-savigny-le-temple.fr\/?p=22646"},"modified":"2025-07-03T13:42:36","modified_gmt":"2025-07-03T11:42:36","slug":"reunion-de-rentree-pour-les-parents-professeur-principal-de-6eme","status":"publish","type":"post","link":"https:\/\/www.clg-la-grange-du-bois-savigny-le-temple.fr\/?p=22646","title":{"rendered":"R\u00c9UNION DE RENTR\u00c9E pour les parents \/ professeurs principaux de 6\u00e8me"},"content":{"rendered":"\n<p>La R\u00c9UNION DE RENTREE 2023-2024 pour les parents des \u00e9l\u00e8ves de 6\u00e8me aura lieu :<\/p>\n\n\n\n<p><strong>MARDI 19 SEPTEMBRE 2023 \u00e0 18H00<\/strong><\/p>\n\n\n\n<ul>\n<li>L&#8217;association &#8220;esprit qui clic&#8221; sera pr\u00e9sente dans le hall pour ceux qui souhaitent un accompagnement personnalis\u00e9 sur les r\u00e9seaux sociaux et les param\u00e9trages des ordinateurs de leurs enfants<\/li>\n<\/ul>\n\n\n\n<ul>\n<li>Les 3 f\u00e9d\u00e9rations de parents d&#8217;\u00e9l\u00e8ves du coll\u00e8ge seront \u00e9galement pr\u00e9sentes<\/li>\n<\/ul>\n\n\n\n<p><\/p>\n\n\n\n<p class=\"has-medium-font-size\"><strong>POUR INFORMATION<\/strong> :<\/p>\n\n\n\n<p><strong>Tr\u00e8s important<\/strong> : Les codes ENT77 \u00e9l\u00e8ves et responsables l\u00e9gaux seront remis par le professeur principal de votre enfant lors de cette r\u00e9union.<strong> Il est important que chaque personne utilise son propre compte<\/strong> (les \u00e9l\u00e8ves n&#8217;ont pas acc\u00e8s aux m\u00eames informations que les parents et r\u00e9ciproquement). Nous vous recommandons de faire une photographie de votre identifiant et du code personnel que vous aurez cr\u00e9\u00e9 afin de ne pas les \u00e9garer. Ils seront valables tout au long de la scolarit\u00e9 de votre enfant (4 ans).<\/p>\n\n\n\n<p><em>Pour les responsables n&#8217;ayant pu se rendre \u00e0 cette r\u00e9union, ils devront prendre rendez-vous aupr\u00e8s du secr\u00e9tariat du coll\u00e8ge pour une remise en main-propre.<\/em><\/p>\n\n\n\n<p>Sachant compter sur votre pr\u00e9sence.<\/p>\n\n\n\n<p>Cordialement<\/p>\n\n\n\n<p>LA DIRECTION<\/p>\n","protected":false},"excerpt":{"rendered":"<p>La R\u00c9UNION DE RENTREE 2023-2024 pour les parents des \u00e9l\u00e8ves de 6\u00e8me aura lieu : MARDI 19 SEPTEMBRE 2023 \u00e0 18H00 POUR INFORMATION : Tr\u00e8s [&#8230;]<\/p>\n","protected":false},"author":20,"featured_media":0,"comment_status":"closed","ping_status":"closed","sticky":false,"template":"","format":"standard","meta":{"footnotes":""},"categories":[5],"tags":[],"_links":{"self":[{"href":"https:\/\/www.clg-la-grange-du-bois-savigny-le-temple.fr\/index.php?rest_route=\/wp\/v2\/posts\/22646"}],"collection":[{"href":"https:\/\/www.clg-la-grange-du-bois-savigny-le-temple.fr\/index.php?rest_route=\/wp\/v2\/posts"}],"about":[{"href":"https:\/\/www.clg-la-grange-du-bois-savigny-le-temple.fr\/index.php?rest_route=\/wp\/v2\/types\/post"}],"author":[{"embeddable":true,"href":"https:\/\/www.clg-la-grange-du-bois-savigny-le-temple.fr\/index.php?rest_route=\/wp\/v2\/users\/20"}],"replies":[{"embeddable":true,"href":"https:\/\/www.clg-la-grange-du-bois-savigny-le-temple.fr\/index.php?rest_route=%2Fwp%2Fv2%2Fcomments&post=22646"}],"version-history":[{"count":6,"href":"https:\/\/www.clg-la-grange-du-bois-savigny-le-temple.fr\/index.php?rest_route=\/wp\/v2\/posts\/22646\/revisions"}],"predecessor-version":[{"id":22656,"href":"https:\/\/www.clg-la-grange-du-bois-savigny-le-temple.fr\/index.php?rest_route=\/wp\/v2\/posts\/22646\/revisions\/22656"}],"wp:attachment":[{"href":"https:\/\/www.clg-la-grange-du-bois-savigny-le-temple.fr\/index.php?rest_route=%2Fwp%2Fv2%2Fmedia&parent=22646"}],"wp:term":[{"taxonomy":"category","embeddable":true,"href":"https:\/\/www.clg-la-grange-du-bois-savigny-le-temple.fr\/index.php?rest_route=%2Fwp%2Fv2%2Fcategories&post=22646"},{"taxonomy":"post_tag","embeddable":true,"href":"https:\/\/www.clg-la-grange-du-bois-savigny-le-temple.fr\/index.php?rest_route=%2Fwp%2Fv2%2Ftags&post=22646"}],"curies":[{"name":"wp","href":"https:\/\/api.w.org\/{rel}","templated":true}]}}