{"id":22663,"date":"2023-09-22T11:08:51","date_gmt":"2023-09-22T09:08:51","guid":{"rendered":"https:\/\/www.clg-la-grange-du-bois-savigny-le-temple.fr\/?p=22663"},"modified":"2025-07-03T13:42:36","modified_gmt":"2025-07-03T11:42:36","slug":"reprise-de-la-chorale-du-college","status":"publish","type":"post","link":"https:\/\/www.clg-la-grange-du-bois-savigny-le-temple.fr\/?p=22663","title":{"rendered":"Reprise de la chorale du coll\u00e8ge"},"content":{"rendered":"\n<p>La chorale du coll\u00e8ge reprend ses activit\u00e9s \u00e0 partir du mardi 26 septembre 2023.<\/p>\n\n\n\n<p>\u200b<\/p>\n\n\n\n<p>Tous les \u00e9l\u00e8ves souhaitant y participer sont invit\u00e9s \u00e0 prendre part \u00e0 deux s\u00e9ances d&#8217;essai qui auront lieu les&nbsp;<strong>mardis 26 septembre et 3 octobre et les jeudis 28 septembre et 5 octobre, de 12h00 \u00e0 12h55 pour le mardi ou de 13h \u00e0 13h55 pour le vendredi<\/strong>. Les \u00e9l\u00e8ves choisiront le cr\u00e9neau selon leurs disponibilit\u00e9s.<br>S&#8217;ils souhaitent continuer, \u00e0 l&#8217;issue de ces deux s\u00e9ances, ils pourront s&#8217;inscrire pour l&#8217;ann\u00e9e scolaire.<\/p>\n\n\n\n<p>\u200b<br>C&#8217;est une option qui demande un investissement hebdomadaire pour pr\u00e9parer au mieux un spectacle qui sera donn\u00e9 en fin d&#8217;ann\u00e9e au coll\u00e8ge en pr\u00e9sence de musiciens qui accompagneront les \u00e9l\u00e8ves sur un r\u00e9pertoire vari\u00e9.&nbsp;<\/p>\n\n\n\n<p>Cette option, tout comme le latin, permet d&#8217;avoir un bonus de point pour l&#8217;obtention du Dipl\u00f4me National du Brevet. On y valide \u00e9galement des comp\u00e9tences comme dans\u00a0chaque\u00a0discipline du coll\u00e8ge.\u00a0<\/p>\n\n\n\n<p>Venez nombreux !&nbsp;<\/p>\n\n\n\n<p>J. Chevalier<\/p>\n","protected":false},"excerpt":{"rendered":"<p>La chorale du coll\u00e8ge reprend ses activit\u00e9s \u00e0 partir du mardi 26 septembre 2023. \u200b Tous les \u00e9l\u00e8ves souhaitant y participer sont invit\u00e9s \u00e0 prendre [&#8230;]<\/p>\n","protected":false},"author":355,"featured_media":0,"comment_status":"closed","ping_status":"closed","sticky":false,"template":"","format":"standard","meta":{"footnotes":""},"categories":[5,84,76],"tags":[53,57,108],"_links":{"self":[{"href":"https:\/\/www.clg-la-grange-du-bois-savigny-le-temple.fr\/index.php?rest_route=\/wp\/v2\/posts\/22663"}],"collection":[{"href":"https:\/\/www.clg-la-grange-du-bois-savigny-le-temple.fr\/index.php?rest_route=\/wp\/v2\/posts"}],"about":[{"href":"https:\/\/www.clg-la-grange-du-bois-savigny-le-temple.fr\/index.php?rest_route=\/wp\/v2\/types\/post"}],"author":[{"embeddable":true,"href":"https:\/\/www.clg-la-grange-du-bois-savigny-le-temple.fr\/index.php?rest_route=\/wp\/v2\/users\/355"}],"replies":[{"embeddable":true,"href":"https:\/\/www.clg-la-grange-du-bois-savigny-le-temple.fr\/index.php?rest_route=%2Fwp%2Fv2%2Fcomments&post=22663"}],"version-history":[{"count":1,"href":"https:\/\/www.clg-la-grange-du-bois-savigny-le-temple.fr\/index.php?rest_route=\/wp\/v2\/posts\/22663\/revisions"}],"predecessor-version":[{"id":22664,"href":"https:\/\/www.clg-la-grange-du-bois-savigny-le-temple.fr\/index.php?rest_route=\/wp\/v2\/posts\/22663\/revisions\/22664"}],"wp:attachment":[{"href":"https:\/\/www.clg-la-grange-du-bois-savigny-le-temple.fr\/index.php?rest_route=%2Fwp%2Fv2%2Fmedia&parent=22663"}],"wp:term":[{"taxonomy":"category","embeddable":true,"href":"https:\/\/www.clg-la-grange-du-bois-savigny-le-temple.fr\/index.php?rest_route=%2Fwp%2Fv2%2Fcategories&post=22663"},{"taxonomy":"post_tag","embeddable":true,"href":"https:\/\/www.clg-la-grange-du-bois-savigny-le-temple.fr\/index.php?rest_route=%2Fwp%2Fv2%2Ftags&post=22663"}],"curies":[{"name":"wp","href":"https:\/\/api.w.org\/{rel}","templated":true}]}}