{"id":22721,"date":"2024-05-26T10:13:04","date_gmt":"2024-05-26T08:13:04","guid":{"rendered":"https:\/\/www.clg-la-grange-du-bois-savigny-le-temple.fr\/?p=22721"},"modified":"2025-07-03T13:42:36","modified_gmt":"2025-07-03T11:42:36","slug":"cours-banalises-en-raison-du-passage-du-dnb","status":"publish","type":"post","link":"https:\/\/www.clg-la-grange-du-bois-savigny-le-temple.fr\/?p=22721","title":{"rendered":"Cours banalis\u00e9s en raison du passage du DNB"},"content":{"rendered":"\n<p>Bonjour \u00e0 tous,<\/p>\n\n\n\n<p>Comme chaque ann\u00e9e les \u00e9l\u00e8ves de 3\u00e8me passent leur examen du DNB et jeudi 13 juin \u00e0 partir de 11h30 les cours seront banalis\u00e9s pour tous les \u00e9l\u00e8ves.<\/p>\n\n\n\n<p>Les \u00e9l\u00e8ves de 3\u00e8me recevront leur convocation officielle et seront lib\u00e9r\u00e9s \u00e0 l&#8217;issue de leur examen.<\/p>\n\n\n\n<p>\u200b<\/p>\n\n\n\n<p>Le service de la demi-pension fonctionnera normalement : le service commencera \u00e0 11h30. Tous les \u00e9l\u00e8ves demi-pensionnaires seront lib\u00e9r\u00e9s \u00e0&nbsp; partir de 13h.<\/p>\n\n\n\n<p>\u200bBien cordialement,<br>La Direction<\/p>\n","protected":false},"excerpt":{"rendered":"<p>Bonjour \u00e0 tous, Comme chaque ann\u00e9e les \u00e9l\u00e8ves de 3\u00e8me passent leur examen du DNB et jeudi 13 juin \u00e0 partir de 11h30 les cours [&#8230;]<\/p>\n","protected":false},"author":21,"featured_media":0,"comment_status":"closed","ping_status":"closed","sticky":false,"template":"","format":"standard","meta":{"footnotes":""},"categories":[5],"tags":[67,66],"_links":{"self":[{"href":"https:\/\/www.clg-la-grange-du-bois-savigny-le-temple.fr\/index.php?rest_route=\/wp\/v2\/posts\/22721"}],"collection":[{"href":"https:\/\/www.clg-la-grange-du-bois-savigny-le-temple.fr\/index.php?rest_route=\/wp\/v2\/posts"}],"about":[{"href":"https:\/\/www.clg-la-grange-du-bois-savigny-le-temple.fr\/index.php?rest_route=\/wp\/v2\/types\/post"}],"author":[{"embeddable":true,"href":"https:\/\/www.clg-la-grange-du-bois-savigny-le-temple.fr\/index.php?rest_route=\/wp\/v2\/users\/21"}],"replies":[{"embeddable":true,"href":"https:\/\/www.clg-la-grange-du-bois-savigny-le-temple.fr\/index.php?rest_route=%2Fwp%2Fv2%2Fcomments&post=22721"}],"version-history":[{"count":1,"href":"https:\/\/www.clg-la-grange-du-bois-savigny-le-temple.fr\/index.php?rest_route=\/wp\/v2\/posts\/22721\/revisions"}],"predecessor-version":[{"id":22722,"href":"https:\/\/www.clg-la-grange-du-bois-savigny-le-temple.fr\/index.php?rest_route=\/wp\/v2\/posts\/22721\/revisions\/22722"}],"wp:attachment":[{"href":"https:\/\/www.clg-la-grange-du-bois-savigny-le-temple.fr\/index.php?rest_route=%2Fwp%2Fv2%2Fmedia&parent=22721"}],"wp:term":[{"taxonomy":"category","embeddable":true,"href":"https:\/\/www.clg-la-grange-du-bois-savigny-le-temple.fr\/index.php?rest_route=%2Fwp%2Fv2%2Fcategories&post=22721"},{"taxonomy":"post_tag","embeddable":true,"href":"https:\/\/www.clg-la-grange-du-bois-savigny-le-temple.fr\/index.php?rest_route=%2Fwp%2Fv2%2Ftags&post=22721"}],"curies":[{"name":"wp","href":"https:\/\/api.w.org\/{rel}","templated":true}]}}