{"id":22724,"date":"2024-05-28T14:41:04","date_gmt":"2024-05-28T12:41:04","guid":{"rendered":"https:\/\/www.clg-la-grange-du-bois-savigny-le-temple.fr\/?p=22724"},"modified":"2025-07-03T13:42:36","modified_gmt":"2025-07-03T11:42:36","slug":"calendrier-de-fin-dannee","status":"publish","type":"post","link":"https:\/\/www.clg-la-grange-du-bois-savigny-le-temple.fr\/?p=22724","title":{"rendered":"Calendrier de Fin d&#8217;ann\u00e9e"},"content":{"rendered":"\n<p>Cette ann\u00e9e et pour trois ann\u00e9es cons\u00e9cutives, nous serons centre de correction au coll\u00e8ge la Grange du Bois.<\/p>\n\n\n\n<p>\u200b<\/p>\n\n\n\n<ul>\n<li><strong>\u200bPOUR LES ELEVES DE 3\u00e8me<\/strong>&nbsp;:<\/li>\n<\/ul>\n\n\n\n<p>\u200b<\/p>\n\n\n\n<p>Les \u00e9l\u00e8ves recevront leur affectation pour s&#8217;inscrire en lyc\u00e9e le mercredi 26 juin matin.<\/p>\n\n\n\n<p>\u200b<\/p>\n\n\n\n<p>Il est imp\u00e9ratifs que&nbsp;<strong>tous les \u00e9l\u00e8ves de 3\u00e8me soient pr\u00e9sents mercredi 26 JUIN<\/strong>.<\/p>\n\n\n\n<p>\u200b<\/p>\n\n\n\n<p>\u200bLes \u00e9l\u00e8ves de 3\u00e8me auront cours les mercredi 26 juin matin et jeudi 27 Juin selon un emploi du temps adapt\u00e9 (il sera mis sur PRONOTE prochainement)<\/p>\n\n\n\n<p>\u200b<\/p>\n\n\n\n<ul>\n<li><strong>\u200bPOUR LES ELEVES DE 6\u00e8me, 5\u00e8me, 4\u00e8me&nbsp;<\/strong>:<\/li>\n<\/ul>\n\n\n\n<p>\u200b<\/p>\n\n\n\n<p><strong>Les cours seront banalis\u00e9s&nbsp;<\/strong>&nbsp;(SAUF les 3\u00e8mes)&nbsp;&nbsp;<strong>\u00e0 partir du mardi 25 JUIN au soir<\/strong>.<\/p>\n\n\n\n<p>\u200b<\/p>\n\n\n\n<p>Les conseils de classe auront lieu entre le 10 juin et le 18 juin<\/p>\n\n\n\n<p>Pour les remises de livres : Elles auront lieu entre le 14 et 20 JUIN Un planning sera communiqu\u00e9 par les enseignants prochainement.<\/p>\n\n\n\n<p>\u200b<\/p>\n\n\n\n<p>\u200b<\/p>\n\n\n\n<p>Bien cordialement<\/p>\n\n\n\n<p>\u200bLA DIRECTION<\/p>\n","protected":false},"excerpt":{"rendered":"<p>Cette ann\u00e9e et pour trois ann\u00e9es cons\u00e9cutives, nous serons centre de correction au coll\u00e8ge la Grange du Bois. \u200b \u200b Les \u00e9l\u00e8ves recevront leur affectation [&#8230;]<\/p>\n","protected":false},"author":21,"featured_media":0,"comment_status":"closed","ping_status":"closed","sticky":false,"template":"","format":"standard","meta":{"footnotes":""},"categories":[5],"tags":[67,66],"_links":{"self":[{"href":"https:\/\/www.clg-la-grange-du-bois-savigny-le-temple.fr\/index.php?rest_route=\/wp\/v2\/posts\/22724"}],"collection":[{"href":"https:\/\/www.clg-la-grange-du-bois-savigny-le-temple.fr\/index.php?rest_route=\/wp\/v2\/posts"}],"about":[{"href":"https:\/\/www.clg-la-grange-du-bois-savigny-le-temple.fr\/index.php?rest_route=\/wp\/v2\/types\/post"}],"author":[{"embeddable":true,"href":"https:\/\/www.clg-la-grange-du-bois-savigny-le-temple.fr\/index.php?rest_route=\/wp\/v2\/users\/21"}],"replies":[{"embeddable":true,"href":"https:\/\/www.clg-la-grange-du-bois-savigny-le-temple.fr\/index.php?rest_route=%2Fwp%2Fv2%2Fcomments&post=22724"}],"version-history":[{"count":1,"href":"https:\/\/www.clg-la-grange-du-bois-savigny-le-temple.fr\/index.php?rest_route=\/wp\/v2\/posts\/22724\/revisions"}],"predecessor-version":[{"id":22725,"href":"https:\/\/www.clg-la-grange-du-bois-savigny-le-temple.fr\/index.php?rest_route=\/wp\/v2\/posts\/22724\/revisions\/22725"}],"wp:attachment":[{"href":"https:\/\/www.clg-la-grange-du-bois-savigny-le-temple.fr\/index.php?rest_route=%2Fwp%2Fv2%2Fmedia&parent=22724"}],"wp:term":[{"taxonomy":"category","embeddable":true,"href":"https:\/\/www.clg-la-grange-du-bois-savigny-le-temple.fr\/index.php?rest_route=%2Fwp%2Fv2%2Fcategories&post=22724"},{"taxonomy":"post_tag","embeddable":true,"href":"https:\/\/www.clg-la-grange-du-bois-savigny-le-temple.fr\/index.php?rest_route=%2Fwp%2Fv2%2Ftags&post=22724"}],"curies":[{"name":"wp","href":"https:\/\/api.w.org\/{rel}","templated":true}]}}