{"id":22783,"date":"2024-09-06T18:06:54","date_gmt":"2024-09-06T16:06:54","guid":{"rendered":"https:\/\/www.clg-la-grange-du-bois-savigny-le-temple.fr\/?p=22783"},"modified":"2025-07-03T13:42:35","modified_gmt":"2025-07-03T11:42:35","slug":"reunion-parents-professeur-principal-6emes-et-3eme-1","status":"publish","type":"post","link":"https:\/\/www.clg-la-grange-du-bois-savigny-le-temple.fr\/?p=22783","title":{"rendered":"R\u00e9union parents \/ professeur principal 6\u00e8mes et 3\u00e8me 1"},"content":{"rendered":"\n<p>Chers parents, <\/p>\n\n\n\n<p> une rencontre parents \/ professeur principal est programm\u00e9e le <strong>jeudi 19 septembre \u00e0 partir de 18h<\/strong> au coll\u00e8ge pour les classes de 6\u00e8mes et la classe de 3\u00e8me1 \u00ab\u00a0pr\u00e9pa-metiers\u00a0\u00bb. <br>Ce sera l\u2019occasion de prendre un premier contact avec le professeur principal de votre enfant pour co-construire l\u2019ann\u00e9e ensemble. <\/p>\n\n\n\n<p>La Direction<\/p>\n","protected":false},"excerpt":{"rendered":"<p>Chers parents, une rencontre parents \/ professeur principal est programm\u00e9e le jeudi 19 septembre \u00e0 partir de 18h au coll\u00e8ge pour les classes de 6\u00e8mes [&#8230;]<\/p>\n","protected":false},"author":1,"featured_media":0,"comment_status":"closed","ping_status":"closed","sticky":false,"template":"","format":"standard","meta":{"footnotes":""},"categories":[5],"tags":[67,66,68],"_links":{"self":[{"href":"https:\/\/www.clg-la-grange-du-bois-savigny-le-temple.fr\/index.php?rest_route=\/wp\/v2\/posts\/22783"}],"collection":[{"href":"https:\/\/www.clg-la-grange-du-bois-savigny-le-temple.fr\/index.php?rest_route=\/wp\/v2\/posts"}],"about":[{"href":"https:\/\/www.clg-la-grange-du-bois-savigny-le-temple.fr\/index.php?rest_route=\/wp\/v2\/types\/post"}],"author":[{"embeddable":true,"href":"https:\/\/www.clg-la-grange-du-bois-savigny-le-temple.fr\/index.php?rest_route=\/wp\/v2\/users\/1"}],"replies":[{"embeddable":true,"href":"https:\/\/www.clg-la-grange-du-bois-savigny-le-temple.fr\/index.php?rest_route=%2Fwp%2Fv2%2Fcomments&post=22783"}],"version-history":[{"count":2,"href":"https:\/\/www.clg-la-grange-du-bois-savigny-le-temple.fr\/index.php?rest_route=\/wp\/v2\/posts\/22783\/revisions"}],"predecessor-version":[{"id":22786,"href":"https:\/\/www.clg-la-grange-du-bois-savigny-le-temple.fr\/index.php?rest_route=\/wp\/v2\/posts\/22783\/revisions\/22786"}],"wp:attachment":[{"href":"https:\/\/www.clg-la-grange-du-bois-savigny-le-temple.fr\/index.php?rest_route=%2Fwp%2Fv2%2Fmedia&parent=22783"}],"wp:term":[{"taxonomy":"category","embeddable":true,"href":"https:\/\/www.clg-la-grange-du-bois-savigny-le-temple.fr\/index.php?rest_route=%2Fwp%2Fv2%2Fcategories&post=22783"},{"taxonomy":"post_tag","embeddable":true,"href":"https:\/\/www.clg-la-grange-du-bois-savigny-le-temple.fr\/index.php?rest_route=%2Fwp%2Fv2%2Ftags&post=22783"}],"curies":[{"name":"wp","href":"https:\/\/api.w.org\/{rel}","templated":true}]}}