{"id":23200,"date":"2025-06-06T11:03:08","date_gmt":"2025-06-06T09:03:08","guid":{"rendered":"https:\/\/www.clg-la-grange-du-bois-savigny-le-temple.fr\/?p=23200"},"modified":"2025-07-05T12:19:10","modified_gmt":"2025-07-05T10:19:10","slug":"inscription-futurs-eleves-de-6","status":"publish","type":"post","link":"https:\/\/www.clg-la-grange-du-bois-savigny-le-temple.fr\/?p=23200","title":{"rendered":"Inscription futurs \u00e9l\u00e8ves de 6\u00b0"},"content":{"rendered":"\n<p>Mesdames, Messieurs,<\/p>\n\n\n\n<p>&nbsp;Les inscriptions pour les futurs \u00e9l\u00e8ves de 6\u00b0 auront lieu les&nbsp;<strong>Jeudi 12 juin 2025 de 15h \u00e0 19h et Samedi 14 juin 2025 de 9h \u00e0 12H.<\/strong><\/p>\n\n\n\n<p><strong>Ces dates et horaires sont imp\u00e9ratifs.&nbsp;<\/strong><br>Les dossiers d\u2019inscription seront distribu\u00e9s dans les \u00e9coles \u00e0 compter du 6 juin 2025.&nbsp;<br>Tout dossier incomplet sera refus\u00e9.<\/p>\n\n\n\n<p>Pour toute question particuli\u00e8re, nous vous invitions \u00e0 contacter le coll\u00e8ge soit par mail<br>&nbsp;<a rel=\"noreferrer noopener\" href=\"mailto:ce.0772274d@ac-creteil.fr\" target=\"_blank\">ce.0772274d@ac-creteil.fr<\/a>&nbsp;&nbsp;soit par t\u00e9l\u00e9phone au 0164108464.<\/p>\n\n\n\n<p>Au plaisir de vous rencontrer.<\/p>\n\n\n\n<p>Sinc\u00e8rement<br>M. Lagasserie<\/p>\n","protected":false},"excerpt":{"rendered":"<p>Mesdames, Messieurs, &nbsp;Les inscriptions pour les futurs \u00e9l\u00e8ves de 6\u00b0 auront lieu les&nbsp;Jeudi 12 juin 2025 de 15h \u00e0 19h et Samedi 14 juin 2025 [&#8230;]<\/p>\n","protected":false},"author":21,"featured_media":0,"comment_status":"closed","ping_status":"closed","sticky":false,"template":"","format":"standard","meta":{"footnotes":""},"categories":[5,43],"tags":[117,67,66,116,65],"_links":{"self":[{"href":"https:\/\/www.clg-la-grange-du-bois-savigny-le-temple.fr\/index.php?rest_route=\/wp\/v2\/posts\/23200"}],"collection":[{"href":"https:\/\/www.clg-la-grange-du-bois-savigny-le-temple.fr\/index.php?rest_route=\/wp\/v2\/posts"}],"about":[{"href":"https:\/\/www.clg-la-grange-du-bois-savigny-le-temple.fr\/index.php?rest_route=\/wp\/v2\/types\/post"}],"author":[{"embeddable":true,"href":"https:\/\/www.clg-la-grange-du-bois-savigny-le-temple.fr\/index.php?rest_route=\/wp\/v2\/users\/21"}],"replies":[{"embeddable":true,"href":"https:\/\/www.clg-la-grange-du-bois-savigny-le-temple.fr\/index.php?rest_route=%2Fwp%2Fv2%2Fcomments&post=23200"}],"version-history":[{"count":2,"href":"https:\/\/www.clg-la-grange-du-bois-savigny-le-temple.fr\/index.php?rest_route=\/wp\/v2\/posts\/23200\/revisions"}],"predecessor-version":[{"id":23404,"href":"https:\/\/www.clg-la-grange-du-bois-savigny-le-temple.fr\/index.php?rest_route=\/wp\/v2\/posts\/23200\/revisions\/23404"}],"wp:attachment":[{"href":"https:\/\/www.clg-la-grange-du-bois-savigny-le-temple.fr\/index.php?rest_route=%2Fwp%2Fv2%2Fmedia&parent=23200"}],"wp:term":[{"taxonomy":"category","embeddable":true,"href":"https:\/\/www.clg-la-grange-du-bois-savigny-le-temple.fr\/index.php?rest_route=%2Fwp%2Fv2%2Fcategories&post=23200"},{"taxonomy":"post_tag","embeddable":true,"href":"https:\/\/www.clg-la-grange-du-bois-savigny-le-temple.fr\/index.php?rest_route=%2Fwp%2Fv2%2Ftags&post=23200"}],"curies":[{"name":"wp","href":"https:\/\/api.w.org\/{rel}","templated":true}]}}