{"id":23431,"date":"2025-07-07T10:16:38","date_gmt":"2025-07-07T08:16:38","guid":{"rendered":"https:\/\/www.clg-la-grange-du-bois-savigny-le-temple.fr\/?p=23431"},"modified":"2025-07-07T10:18:01","modified_gmt":"2025-07-07T08:18:01","slug":"informations-rentree-2025-2026","status":"publish","type":"post","link":"https:\/\/www.clg-la-grange-du-bois-savigny-le-temple.fr\/?p=23431","title":{"rendered":"Informations rentr\u00e9e 2025-2026"},"content":{"rendered":"\n<p><strong>Lundi 1er septembre 2025<\/strong>\u00a0<br>9h -16h rentr\u00e9e des classe de 6\u00b0 et de 3\u00b0pr\u00e9pa-m\u00e9tiers<br><em>Pause m\u00e9ridienne de 12h30 \u00e0 14h00.\u00a0<\/em><br><em>La demi-pension est assur\u00e9e.<\/em><br><\/p>\n\n\n\n<p><strong>Mardi 2 septembre 2025<\/strong><br><strong>9h00 &nbsp;\u2013 &nbsp;11h00:<\/strong>&nbsp;Rentr\u00e9e des classes de 5\u00e8me<\/p>\n\n\n\n<p><strong>10h00 \u2013 12h00:<\/strong>&nbsp;Rentr\u00e9e des classes de 4\u00e8me<\/p>\n\n\n\n<p><strong>14h00 \u2013 16h00<\/strong>: Rentr\u00e9e des classes de 3\u00e8me g\u00e9n\u00e9rale<br><em>La demi-pension n\u2019est pas assur\u00e9e<\/em>.<\/p>\n\n\n\n<p>\u200bLes \u00e9l\u00e8ves de 6\u00b0 et de la 3\u00b0 pr\u00e9pa-m\u00e9tiers n&#8217;auront pas cours le mardi 2 septembre 2025.<\/p>\n\n\n\n<p>Le d\u00e9but des emplois du temps est fix\u00e9 au <strong>mercredi 3 septembre 2025<\/strong>. <\/p>\n\n\n\n<div class=\"wp-block-file\"><a id=\"wp-block-file--media-301cca5d-4687-4948-9811-2a7a3a00e31f\" href=\"https:\/\/www.clg-la-grange-du-bois-savigny-le-temple.fr\/wp-content\/uploads\/2025\/07\/rentree-25-6\u00b0.docx\">rentr\u00e9e 6\u00b0 et 3\u00b0 Pr\u00e9pa-M\u00e9tiers<\/a><a href=\"https:\/\/www.clg-la-grange-du-bois-savigny-le-temple.fr\/wp-content\/uploads\/2025\/07\/rentree-25-6\u00b0.docx\" class=\"wp-block-file__button wp-element-button\" download aria-describedby=\"wp-block-file--media-301cca5d-4687-4948-9811-2a7a3a00e31f\">T\u00e9l\u00e9charger<\/a><\/div>\n\n\n\n<div class=\"wp-block-file\"><a id=\"wp-block-file--media-80b3e19c-3cf7-4e09-b58b-2cb16f18a5e0\" href=\"https:\/\/www.clg-la-grange-du-bois-savigny-le-temple.fr\/wp-content\/uploads\/2025\/07\/rentree-25-5-4\u00b0-et-3\u00b0-G.docx\">rentr\u00e9e 5\u00b0, 4\u00b0et3\u00b0G<\/a><a href=\"https:\/\/www.clg-la-grange-du-bois-savigny-le-temple.fr\/wp-content\/uploads\/2025\/07\/rentree-25-5-4\u00b0-et-3\u00b0-G.docx\" class=\"wp-block-file__button wp-element-button\" download aria-describedby=\"wp-block-file--media-80b3e19c-3cf7-4e09-b58b-2cb16f18a5e0\">T\u00e9l\u00e9charger<\/a><\/div>\n","protected":false},"excerpt":{"rendered":"<p>Lundi 1er septembre 2025\u00a09h -16h rentr\u00e9e des classe de 6\u00b0 et de 3\u00b0pr\u00e9pa-m\u00e9tiersPause m\u00e9ridienne de 12h30 \u00e0 14h00.\u00a0La demi-pension est assur\u00e9e. Mardi 2 septembre 20259h00 [&#8230;]<\/p>\n","protected":false},"author":21,"featured_media":0,"comment_status":"closed","ping_status":"closed","sticky":false,"template":"","format":"standard","meta":{"footnotes":""},"categories":[5],"tags":[66,65],"_links":{"self":[{"href":"https:\/\/www.clg-la-grange-du-bois-savigny-le-temple.fr\/index.php?rest_route=\/wp\/v2\/posts\/23431"}],"collection":[{"href":"https:\/\/www.clg-la-grange-du-bois-savigny-le-temple.fr\/index.php?rest_route=\/wp\/v2\/posts"}],"about":[{"href":"https:\/\/www.clg-la-grange-du-bois-savigny-le-temple.fr\/index.php?rest_route=\/wp\/v2\/types\/post"}],"author":[{"embeddable":true,"href":"https:\/\/www.clg-la-grange-du-bois-savigny-le-temple.fr\/index.php?rest_route=\/wp\/v2\/users\/21"}],"replies":[{"embeddable":true,"href":"https:\/\/www.clg-la-grange-du-bois-savigny-le-temple.fr\/index.php?rest_route=%2Fwp%2Fv2%2Fcomments&post=23431"}],"version-history":[{"count":4,"href":"https:\/\/www.clg-la-grange-du-bois-savigny-le-temple.fr\/index.php?rest_route=\/wp\/v2\/posts\/23431\/revisions"}],"predecessor-version":[{"id":23437,"href":"https:\/\/www.clg-la-grange-du-bois-savigny-le-temple.fr\/index.php?rest_route=\/wp\/v2\/posts\/23431\/revisions\/23437"}],"wp:attachment":[{"href":"https:\/\/www.clg-la-grange-du-bois-savigny-le-temple.fr\/index.php?rest_route=%2Fwp%2Fv2%2Fmedia&parent=23431"}],"wp:term":[{"taxonomy":"category","embeddable":true,"href":"https:\/\/www.clg-la-grange-du-bois-savigny-le-temple.fr\/index.php?rest_route=%2Fwp%2Fv2%2Fcategories&post=23431"},{"taxonomy":"post_tag","embeddable":true,"href":"https:\/\/www.clg-la-grange-du-bois-savigny-le-temple.fr\/index.php?rest_route=%2Fwp%2Fv2%2Ftags&post=23431"}],"curies":[{"name":"wp","href":"https:\/\/api.w.org\/{rel}","templated":true}]}}