{"id":24469,"date":"2026-09-02T07:34:40","date_gmt":"2026-09-02T05:34:40","guid":{"rendered":"https:\/\/www.clg-la-grange-du-bois-savigny-le-temple.fr\/?p=24469"},"modified":"2026-09-02T07:34:40","modified_gmt":"2026-09-02T05:34:40","slug":"reunion-rentree-6e","status":"publish","type":"post","link":"https:\/\/www.clg-la-grange-du-bois-savigny-le-temple.fr\/?p=24469","title":{"rendered":"R\u00e9union rentr\u00e9e 6e"},"content":{"rendered":"\n<p class=\"wp-block-paragraph\">Mesdames, Messieurs les parents d&#8217;\u00e9l\u00e8ves de 6\u00b0,<\/p>\n\n\n\n<p class=\"wp-block-paragraph\">Une r\u00e9union d&#8217;information aura lieu le jeudi 3 septembre 2026 \u00e0 18h .<\/p>\n\n\n\n<p class=\"wp-block-paragraph\">Un premier temps de pr\u00e9sentation g\u00e9n\u00e9rale aura lieu au sein du r\u00e9fectoire de 18h \u00e0 18h30 puis les professeurs principaux de chaque classe vous accueilleront pour un temps d&#8217;\u00e9change d\u00e9taill\u00e9.<\/p>\n\n\n\n<p class=\"wp-block-paragraph\">Comptant sur votre pr\u00e9sence.<\/p>\n\n\n\n<p class=\"wp-block-paragraph\">Sinc\u00e8rement.<\/p>\n\n\n\n<p class=\"wp-block-paragraph\">L&#8217;\u00e9quipe de direction<\/p>\n\n\n\n<p class=\"wp-block-paragraph\"><\/p>\n\n\n\n<p class=\"wp-block-paragraph\"><\/p>\n\n\n\n<p class=\"wp-block-paragraph\"><\/p>\n","protected":false},"excerpt":{"rendered":"<p>Mesdames, Messieurs les parents d&#8217;\u00e9l\u00e8ves de 6\u00b0, Une r\u00e9union d&#8217;information aura lieu le jeudi 3 septembre 2026 \u00e0 18h . Un premier temps de pr\u00e9sentation [&#8230;]<\/p>\n","protected":false},"author":1,"featured_media":0,"comment_status":"closed","ping_status":"closed","sticky":false,"template":"","format":"standard","meta":{"footnotes":""},"categories":[5],"tags":[131,67,66,65,69,130],"class_list":["post-24469","post","type-post","status-publish","format-standard","hentry","category-actualites","tag-6e","tag-actualites","tag-informations","tag-rentree","tag-reunion-2","tag-sixieme"],"_links":{"self":[{"href":"https:\/\/www.clg-la-grange-du-bois-savigny-le-temple.fr\/index.php?rest_route=\/wp\/v2\/posts\/24469","targetHints":{"allow":["GET"]}}],"collection":[{"href":"https:\/\/www.clg-la-grange-du-bois-savigny-le-temple.fr\/index.php?rest_route=\/wp\/v2\/posts"}],"about":[{"href":"https:\/\/www.clg-la-grange-du-bois-savigny-le-temple.fr\/index.php?rest_route=\/wp\/v2\/types\/post"}],"author":[{"embeddable":true,"href":"https:\/\/www.clg-la-grange-du-bois-savigny-le-temple.fr\/index.php?rest_route=\/wp\/v2\/users\/1"}],"replies":[{"embeddable":true,"href":"https:\/\/www.clg-la-grange-du-bois-savigny-le-temple.fr\/index.php?rest_route=%2Fwp%2Fv2%2Fcomments&post=24469"}],"version-history":[{"count":1,"href":"https:\/\/www.clg-la-grange-du-bois-savigny-le-temple.fr\/index.php?rest_route=\/wp\/v2\/posts\/24469\/revisions"}],"predecessor-version":[{"id":24470,"href":"https:\/\/www.clg-la-grange-du-bois-savigny-le-temple.fr\/index.php?rest_route=\/wp\/v2\/posts\/24469\/revisions\/24470"}],"wp:attachment":[{"href":"https:\/\/www.clg-la-grange-du-bois-savigny-le-temple.fr\/index.php?rest_route=%2Fwp%2Fv2%2Fmedia&parent=24469"}],"wp:term":[{"taxonomy":"category","embeddable":true,"href":"https:\/\/www.clg-la-grange-du-bois-savigny-le-temple.fr\/index.php?rest_route=%2Fwp%2Fv2%2Fcategories&post=24469"},{"taxonomy":"post_tag","embeddable":true,"href":"https:\/\/www.clg-la-grange-du-bois-savigny-le-temple.fr\/index.php?rest_route=%2Fwp%2Fv2%2Ftags&post=24469"}],"curies":[{"name":"wp","href":"https:\/\/api.w.org\/{rel}","templated":true}]}}