{"id":24471,"date":"2026-09-04T10:18:35","date_gmt":"2026-09-04T08:18:35","guid":{"rendered":"https:\/\/www.clg-la-grange-du-bois-savigny-le-temple.fr\/?p=24471"},"modified":"2026-09-04T10:18:35","modified_gmt":"2026-09-04T08:18:35","slug":"information-debut-repetitions-chorale","status":"publish","type":"post","link":"https:\/\/www.clg-la-grange-du-bois-savigny-le-temple.fr\/?p=24471","title":{"rendered":"Information d\u00e9but r\u00e9p\u00e9titions chorale"},"content":{"rendered":"\n<p class=\"wp-block-paragraph\">Madame, Monsieur,<\/p>\n\n\n\n<p class=\"wp-block-paragraph\">la chorale du coll\u00e8ge reprend ses r\u00e9p\u00e9titions \u00e0 partir du lundi 14 septembre 2026.<\/p>\n\n\n\n<p class=\"wp-block-paragraph\">Tous les \u00e9l\u00e8ves souhaitant y participer sont invit\u00e9s \u00e0 prendre part \u00e0 deux s\u00e9ances d&#8217;essai qui auront lieu les lundis 14 et 21 septembre et les jeudis 17 et 24 septembre, de 13h \u00e0 13h55. Les \u00e9l\u00e8ves choisiront le cr\u00e9neau selon leurs disponibilit\u00e9s.<br>A l&#8217;issue de ces deux s\u00e9ances, s&#8217;ils souhaitent continuer, ils pourront s&#8217;inscrire pour l&#8217;ann\u00e9e scolaire.<br>Les \u00e9l\u00e8ves externes pourront acheter un ticket pour manger \u00e0 la restauration scolaire. Les \u00e9l\u00e8ves de la chorale sont prioritaires lors du passage \u00e0 la cantine.<br><br>C&#8217;est une option propos\u00e9e au coll\u00e8ge qui permet des bonifications au DNB et qui demande un investissement hebdomadaire pour pr\u00e9parer au mieux un spectacle qui sera donn\u00e9 en fin d&#8217;ann\u00e9e au coll\u00e8ge.<\/p>\n\n\n\n<p class=\"wp-block-paragraph\">Je reste disponible par le biais du carnet de correspondance dans un premier temps puis de l\u2019ENT quand les comptes seront activ\u00e9s.<\/p>\n\n\n\n<p class=\"wp-block-paragraph\">Cordialement,<\/p>\n\n\n\n<p class=\"wp-block-paragraph\">Jonathan Chevalier<br>Professeur d&#8217;\u00e9ducation musicale et chant choral<\/p>\n\n\n\n<p class=\"wp-block-paragraph\"><\/p>\n","protected":false},"excerpt":{"rendered":"<p>Madame, Monsieur, la chorale du coll\u00e8ge reprend ses r\u00e9p\u00e9titions \u00e0 partir du lundi 14 septembre 2026. Tous les \u00e9l\u00e8ves souhaitant y participer sont invit\u00e9s \u00e0 [&#8230;]<\/p>\n","protected":false},"author":355,"featured_media":0,"comment_status":"closed","ping_status":"closed","sticky":false,"template":"","format":"standard","meta":{"footnotes":""},"categories":[84,76],"tags":[67,53,66],"class_list":["post-24471","post","type-post","status-publish","format-standard","hentry","category-chorale","category-education-musicale-2","tag-actualites","tag-chorale","tag-informations"],"_links":{"self":[{"href":"https:\/\/www.clg-la-grange-du-bois-savigny-le-temple.fr\/index.php?rest_route=\/wp\/v2\/posts\/24471","targetHints":{"allow":["GET"]}}],"collection":[{"href":"https:\/\/www.clg-la-grange-du-bois-savigny-le-temple.fr\/index.php?rest_route=\/wp\/v2\/posts"}],"about":[{"href":"https:\/\/www.clg-la-grange-du-bois-savigny-le-temple.fr\/index.php?rest_route=\/wp\/v2\/types\/post"}],"author":[{"embeddable":true,"href":"https:\/\/www.clg-la-grange-du-bois-savigny-le-temple.fr\/index.php?rest_route=\/wp\/v2\/users\/355"}],"replies":[{"embeddable":true,"href":"https:\/\/www.clg-la-grange-du-bois-savigny-le-temple.fr\/index.php?rest_route=%2Fwp%2Fv2%2Fcomments&post=24471"}],"version-history":[{"count":1,"href":"https:\/\/www.clg-la-grange-du-bois-savigny-le-temple.fr\/index.php?rest_route=\/wp\/v2\/posts\/24471\/revisions"}],"predecessor-version":[{"id":24472,"href":"https:\/\/www.clg-la-grange-du-bois-savigny-le-temple.fr\/index.php?rest_route=\/wp\/v2\/posts\/24471\/revisions\/24472"}],"wp:attachment":[{"href":"https:\/\/www.clg-la-grange-du-bois-savigny-le-temple.fr\/index.php?rest_route=%2Fwp%2Fv2%2Fmedia&parent=24471"}],"wp:term":[{"taxonomy":"category","embeddable":true,"href":"https:\/\/www.clg-la-grange-du-bois-savigny-le-temple.fr\/index.php?rest_route=%2Fwp%2Fv2%2Fcategories&post=24471"},{"taxonomy":"post_tag","embeddable":true,"href":"https:\/\/www.clg-la-grange-du-bois-savigny-le-temple.fr\/index.php?rest_route=%2Fwp%2Fv2%2Ftags&post=24471"}],"curies":[{"name":"wp","href":"https:\/\/api.w.org\/{rel}","templated":true}]}}