{"id":24474,"date":"2026-09-04T16:02:37","date_gmt":"2026-09-04T14:02:37","guid":{"rendered":"https:\/\/www.clg-la-grange-du-bois-savigny-le-temple.fr\/?p=24474"},"modified":"2026-09-04T17:40:03","modified_gmt":"2026-09-04T15:40:03","slug":"evaluations-nationales-6e-5e-4e-dates-et-materiel-obligatoire","status":"publish","type":"post","link":"https:\/\/www.clg-la-grange-du-bois-savigny-le-temple.fr\/?p=24474","title":{"rendered":"\u00c9valuations nationales (6e, 5e, 4e) \u2013 Dates et mat\u00e9riel obligatoire"},"content":{"rendered":"\n<p class=\"wp-block-paragraph\">Madame, Monsieur,<\/p>\n\n\n\n<p class=\"wp-block-paragraph\">Les \u00e9valuations nationales sur ordinateur en fran\u00e7ais et en math\u00e9matiques se d\u00e9rouleront sur le temps scolaire selon le calendrier global suivant :<\/p>\n\n\n\n<ul class=\"wp-block-list\">\n<li>Classes de 6e : Du 08 au 11 septembre 2026 <em>(+ \u00e9valuation d\u2019aptitude physique pour les 6e5)<\/em><\/li>\n\n\n\n<li>Classes de 4e : Du 14 au 24 septembre 2026<\/li>\n\n\n\n<li>Classes de 5e : Du 23 septembre au 02 octobre 2026<\/li>\n<\/ul>\n\n\n\n<p class=\"wp-block-paragraph\"><em>Les jours et horaires pr\u00e9cis de passage de votre enfant sont consultables sur son emploi du temps PRONOTE.<\/em><\/p>\n\n\n\n<p class=\"wp-block-paragraph\">&#x26a0;&#xfe0f; Consigne importante : Ces \u00e9preuves ne demandent aucune pr\u00e9paration, mais <strong>votre enfant doit obligatoirement venir avec ses \u00e9couteurs ou un casque audio ordinaire pour passer les tests dans de bonnes conditions<\/strong>.<\/p>\n\n\n\n<p class=\"wp-block-paragraph\">Pour aller plus loin :<\/p>\n\n\n\n<ul class=\"wp-block-list\">\n<li><a href=\"https:\/\/podeduc.apps.education.fr\/eduscol\/evaluations-nationales-de-6e\/video\/158574-presentation-des-evaluations-nationales-aux-eleves-6e-et-4e\/\" target=\"_blank\" rel=\"noreferrer noopener\">Vid\u00e9o sur les \u00e9valuations nationales<\/a><\/li>\n\n\n\n<li>Un bilan personnalis\u00e9 des r\u00e9sultats vous sera remis ult\u00e9rieurement.<\/li>\n\n\n\n<li><em>Conform\u00e9ment au RGPD, vous disposez d&#8217;un droit d&#8217;acc\u00e8s et de rectification de ces donn\u00e9es aupr\u00e8s de : <\/em><a href=\"mailto:saisine-evaluations@education.gouv.fr\"><em>saisine-evaluations@education.gouv.fr<\/em><\/a><em>.<\/em><\/li>\n<\/ul>\n\n\n\n<p class=\"wp-block-paragraph\">En vous remerciant pour votre collaboration.<\/p>\n\n\n\n<p class=\"wp-block-paragraph\">Cordialement,<\/p>\n\n\n\n<p class=\"wp-block-paragraph\"><br>La Direction du Coll\u00e8ge<\/p>\n","protected":false},"excerpt":{"rendered":"<p>Madame, Monsieur, Les \u00e9valuations nationales sur ordinateur en fran\u00e7ais et en math\u00e9matiques se d\u00e9rouleront sur le temps scolaire selon le calendrier global suivant : Les [&#8230;]<\/p>\n","protected":false},"author":1,"featured_media":0,"comment_status":"closed","ping_status":"closed","sticky":false,"template":"","format":"standard","meta":{"footnotes":""},"categories":[5,24,16],"tags":[136,135,133],"class_list":["post-24474","post","type-post","status-publish","format-standard","hentry","category-actualites","category-francais","category-mathematiques","tag-evaluations-nationales","tag-francais","tag-mathematiques"],"_links":{"self":[{"href":"https:\/\/www.clg-la-grange-du-bois-savigny-le-temple.fr\/index.php?rest_route=\/wp\/v2\/posts\/24474","targetHints":{"allow":["GET"]}}],"collection":[{"href":"https:\/\/www.clg-la-grange-du-bois-savigny-le-temple.fr\/index.php?rest_route=\/wp\/v2\/posts"}],"about":[{"href":"https:\/\/www.clg-la-grange-du-bois-savigny-le-temple.fr\/index.php?rest_route=\/wp\/v2\/types\/post"}],"author":[{"embeddable":true,"href":"https:\/\/www.clg-la-grange-du-bois-savigny-le-temple.fr\/index.php?rest_route=\/wp\/v2\/users\/1"}],"replies":[{"embeddable":true,"href":"https:\/\/www.clg-la-grange-du-bois-savigny-le-temple.fr\/index.php?rest_route=%2Fwp%2Fv2%2Fcomments&post=24474"}],"version-history":[{"count":2,"href":"https:\/\/www.clg-la-grange-du-bois-savigny-le-temple.fr\/index.php?rest_route=\/wp\/v2\/posts\/24474\/revisions"}],"predecessor-version":[{"id":24480,"href":"https:\/\/www.clg-la-grange-du-bois-savigny-le-temple.fr\/index.php?rest_route=\/wp\/v2\/posts\/24474\/revisions\/24480"}],"wp:attachment":[{"href":"https:\/\/www.clg-la-grange-du-bois-savigny-le-temple.fr\/index.php?rest_route=%2Fwp%2Fv2%2Fmedia&parent=24474"}],"wp:term":[{"taxonomy":"category","embeddable":true,"href":"https:\/\/www.clg-la-grange-du-bois-savigny-le-temple.fr\/index.php?rest_route=%2Fwp%2Fv2%2Fcategories&post=24474"},{"taxonomy":"post_tag","embeddable":true,"href":"https:\/\/www.clg-la-grange-du-bois-savigny-le-temple.fr\/index.php?rest_route=%2Fwp%2Fv2%2Ftags&post=24474"}],"curies":[{"name":"wp","href":"https:\/\/api.w.org\/{rel}","templated":true}]}}